{"id":974,"date":"2023-01-25T12:58:25","date_gmt":"2023-01-25T12:58:25","guid":{"rendered":"http:\/\/www.nngg.org\/?p=974"},"modified":"2023-02-06T10:50:35","modified_gmt":"2023-02-06T10:50:35","slug":"i-foro-nacional-de-vivienda-nngg","status":"publish","type":"post","link":"http:\/\/www.nngg.org\/index.php\/2023\/01\/25\/i-foro-nacional-de-vivienda-nngg\/","title":{"rendered":"I Foro nacional de Vivienda NNGG"},"content":{"rendered":"\n<p><em>Madrid, 25&nbsp;de enero de 2023<\/em><\/p>\n\n\n\n<ul class=\"wp-block-list\">\n<li>Celebramos un foro nacional de vivienda para conocer la opini\u00f3n de expertos en urbanismo, pol\u00edticas p\u00fablicas y ley de vivienda.<\/li>\n\n\n\n<li>Demandamos al gobierno pol\u00edticas valientes y estructurales en materia de vivienda dirigida a los j\u00f3venes para mejorar su acceso a la vivienda.<\/li>\n<\/ul>\n\n\n\n<p>Nuevas Generaciones ha organizado en Madrid su primer foro nacional de vivienda con la intenci\u00f3n de conocer y dar la opini\u00f3n de expertos y representantes de la sociedad civil sobre legislaci\u00f3n y soluciones en materia de vivienda.<\/p>\n\n\n\n<p>El coordinador nacional de Nuevas Generaciones, Miguel \u00c1ngel Sastre,&nbsp;denunci\u00f3 durante la clausura que las medidas implementadas por el actual gobierno en materia de vivienda, como el Bono de Alquiler, \"no dan respuesta al verdadero problema que sufren los j\u00f3venes en Espa\u00f1a\". \"Desde el ejecutivo de Pedro S\u00e1nchez solo se dedican a dar cheques para acallar las quejas ahora que se acercan las elecciones\", remarc\u00f3.<\/p>\n\n\n\n<p>Sastre destac\u00f3 que los j\u00f3venes necesitamos \"incentivos para que el mercado de alquiler y de compra sea m\u00e1s asequible, para que la entrada de la compra de una vivienda no sea el freno que nos deje en fuera de juego\". El coordinador nacional exigi\u00f3 adem\u00e1s que \"la compra de una vivienda, como ocurri\u00f3 con nuestros padres, conlleve una alta desgravaci\u00f3n fiscal\" y \"que las ciudades se dise\u00f1en y se piensen para solucionar estos problemas y generar nuevas oportunidades\". \"Necesitamos, en definitiva, que nos den un peque\u00f1o&nbsp;impulso\", concluy\u00f3.&nbsp;<\/p>\n\n\n\n<p>El foro fue inaugurado por el responsable de Emprendimiento y Desarrollo Profesional, Gabriel Rodr\u00edguez Leva, y cont\u00f3 tambi\u00e9n con la participaci\u00f3n de Pedro Roll\u00e1n, vicesecretario de Pol\u00edtica Auton\u00f3mica y Local del Partido Popular; Paloma Mart\u00edn, consejera de Medioambiente, Vivienda y Agricultura de la Comunidad de Madrid o Ana Zurita, portavoz de la Comisi\u00f3n de Vivienda en el Congreso de los Diputados.<\/p>\n\n\n\n<p>En las dos mesas, denominadas \u201cRetos y desaf\u00edos del sector\u201d y \u201cSoluciones y pol\u00edticas de vivienda de calidad\u201d se pudieron conocer las propuestas del Colegio de Arquitectos de Madrid, la Asociaci\u00f3n de Promotores Inmobiliarios de Madrid, empresas de referencia en el sector inmobiliario y representantes del gobierno de Comunidad de Madrid.&nbsp;<\/p>\n\n\n\n<p>Nuevas Generaciones busca a trav\u00e9s de estos foros recopilar propuestas que para el programa electoral en materia de juventud que sirvan para dar soluciones a los verdaderos problemas que sufren los j\u00f3venes en Espa\u00f1a. En las pr\u00f3ximas semanas se ir\u00e1n realizando distintos a lo largo de todo el territorio para dar voz a los j\u00f3venes y escuchar su sentir social.Sa<\/p>\n\n\n\n<p><\/p>\n\n\n\n<figure class=\"wp-block-embed is-type-video is-provider-youtube wp-block-embed-youtube wp-embed-aspect-16-9 wp-has-aspect-ratio\"><div class=\"wp-block-embed__wrapper\">\n<iframe title=\"Intervenci\u00f3n Miguel \u00c1ngel Sastre en el I Foro Nacional de Vivienda\" width=\"1080\" height=\"608\" src=\"https:\/\/www.youtube.com\/embed\/hpKSECBdbCE?start=101&feature=oembed\"  allow=\"accelerometer; autoplay; clipboard-write; encrypted-media; gyroscope; picture-in-picture; web-share\" allowfullscreen><\/iframe>\n<\/div><\/figure>\n\n\n\n<p><\/p>\n","protected":false},"excerpt":{"rendered":"<p>Madrid, 25&nbsp;de enero de 2023 Nuevas Generaciones ha organizado en Madrid su primer foro nacional de vivienda con la intenci\u00f3n de conocer y dar la opini\u00f3n de expertos y representantes de la sociedad civil sobre legislaci\u00f3n y soluciones en materia de vivienda. El coordinador nacional de Nuevas Generaciones, Miguel \u00c1ngel Sastre,&nbsp;denunci\u00f3 durante la clausura que [&hellip;]<\/p>\n","protected":false},"author":2,"featured_media":1143,"comment_status":"closed","ping_status":"closed","sticky":false,"template":"","format":"standard","meta":{"footnotes":""},"categories":[13,1],"tags":[7],"class_list":["post-974","post","type-post","status-publish","format-standard","has-post-thumbnail","hentry","category-miguel-angel-sastre","category-nngg","tag-miguel-angel-sastre"],"_links":{"self":[{"href":"http:\/\/www.nngg.org\/index.php\/wp-json\/wp\/v2\/posts\/974","targetHints":{"allow":["GET"]}}],"collection":[{"href":"http:\/\/www.nngg.org\/index.php\/wp-json\/wp\/v2\/posts"}],"about":[{"href":"http:\/\/www.nngg.org\/index.php\/wp-json\/wp\/v2\/types\/post"}],"author":[{"embeddable":true,"href":"http:\/\/www.nngg.org\/index.php\/wp-json\/wp\/v2\/users\/2"}],"replies":[{"embeddable":true,"href":"http:\/\/www.nngg.org\/index.php\/wp-json\/wp\/v2\/comments?post=974"}],"version-history":[{"count":32,"href":"http:\/\/www.nngg.org\/index.php\/wp-json\/wp\/v2\/posts\/974\/revisions"}],"predecessor-version":[{"id":1191,"href":"http:\/\/www.nngg.org\/index.php\/wp-json\/wp\/v2\/posts\/974\/revisions\/1191"}],"wp:featuredmedia":[{"embeddable":true,"href":"http:\/\/www.nngg.org\/index.php\/wp-json\/wp\/v2\/media\/1143"}],"wp:attachment":[{"href":"http:\/\/www.nngg.org\/index.php\/wp-json\/wp\/v2\/media?parent=974"}],"wp:term":[{"taxonomy":"category","embeddable":true,"href":"http:\/\/www.nngg.org\/index.php\/wp-json\/wp\/v2\/categories?post=974"},{"taxonomy":"post_tag","embeddable":true,"href":"http:\/\/www.nngg.org\/index.php\/wp-json\/wp\/v2\/tags?post=974"}],"curies":[{"name":"wp","href":"https:\/\/api.w.org\/{rel}","templated":true}]}}