{"id":873,"date":"2023-01-03T13:44:08","date_gmt":"2023-01-03T13:44:08","guid":{"rendered":"http:\/\/www.nngg.org\/?p=873"},"modified":"2023-02-06T10:22:22","modified_gmt":"2023-02-06T10:22:22","slug":"los-jovenes-de-nngg-recogen-mas-de-30-000-juguetes-y-12-toneladas-de-alimentos-para-los-mas-vulnerables","status":"publish","type":"post","link":"http:\/\/www.nngg.org\/index.php\/2023\/01\/03\/los-jovenes-de-nngg-recogen-mas-de-30-000-juguetes-y-12-toneladas-de-alimentos-para-los-mas-vulnerables\/","title":{"rendered":"NNGG recoge m\u00e1s de 30.000 juguetes y 12 toneladas de alimentos para los m\u00e1s vulnerables"},"content":{"rendered":"\n\n<div class=\"et_d4_element et_pb_section et_pb_section_0  et_pb_css_mix_blend_mode et_section_regular et_block_section\" >\n\t\t\t\t\n\t\t\t\t\n\t\t\t\t\n\t\t\t\t\n\t\t\t\t\n\t\t\t\t\n\t\t\t\t<div class=\"et_d4_element et_pb_row et_pb_row_0  et_pb_css_mix_blend_mode et_block_row\">\n\t\t\t\t<div class=\"et_d4_element et_pb_column_4_4 et_pb_column et_pb_column_0  et_pb_css_mix_blend_mode et-last-child et_block_column\">\n\t\t\t\t\n\t\t\t\t\n\t\t\t\t\n\t\t\t\t\n\t\t\t\t<div class=\"et_pb_module et_d4_element et_pb_text et_pb_text_0  et_pb_text_align_left et_pb_bg_layout_light\">\n\t\t\t\t\n\t\t\t\t\n\t\t\t\t\n\t\t\t\t\n\t\t\t\t<div class=\"et_pb_text_inner\"><!-- divi:paragraph -->\n<p><em>Madrid, 3 de enero de 2022<\/em><\/p>\n<p>\u2022 Nuevas Generaciones agradece la generosidad y compromiso de los espa\u00f1oles con los m\u00e1s necesitados en un momento de especial dificultad econ\u00f3mica.<br \/>\u2022 Bea Fanjul critica que las medidas de S\u00e1nchez sean insuficientes y no supongan un verdadero alivio para las familias.<\/p>\n<p>Nuevas Generaciones del Partido Popular ha llevado a cabo diversas campa\u00f1as por toda Espa\u00f1a para la recogida de alimentos, producto de primera necesidad, juguetes y material escolar con el objetivo de hacer estas fechas m\u00e1s llevaderas a las personas m\u00e1s vulnerables. Se han realizado recogidas masivas en las diecisiete comunidades aut\u00f3nomas y en capitales de provincia como Albacete, Badajoz, Palencia, Madrid, Murcia o Toledo.\u00a0<\/p>\n<p>Las cifras hablan por si solas: m\u00e1s de 30.000 juguetes y 12 toneladas de alimentos y productos de primera necesidad -como papel higi\u00e9nico, pa\u00f1ales o productos de higiene femenina-, que se han destinado a peque\u00f1as asociaciones y organizaciones no gubernamentales de las localidades donde se<br \/>han llevado a cabo las campa\u00f1as de recogida as\u00ed como a C\u00e1ritas.<\/p>\n<p>Nuevas Generaciones quiere agradecer la generosidad y compromiso de los espa\u00f1oles, en un momento de especial dificultad econ\u00f3mica. \u201cLos espa\u00f1oles han demostrado, una vez m\u00e1s, su solidaridad y calidad humana para que todos los ni\u00f1os tengan un juguete estas navidades y para que a nadie le falte lo m\u00e1s b\u00e1sico\u201d, ha destacado la presidenta de NNGG, Bea Fanjul.<\/p>\n<p>Por \u00faltimo, Fanjul ha criticado que las medidas anunciadas por el presidente del Gobierno hace unos d\u00edas sean insuficientes puesto que no suponen un verdadero alivio para las familias. \u201cAunque estas medidas sean una copia de algunas propuestas del PP, se quedan cortas y llegan tarde. S\u00e1nchez deber\u00eda aprobar la propuesta completa que Alberto N\u00fa\u00f1ez Feij\u00f3o le envi\u00f3 hace ya unos meses\u201d, ha finalizado.<\/p>\n<p>&nbsp;<\/p>\n<p>&nbsp;<\/p>\n<p>&nbsp;<\/p>\n<!-- \/divi:paragraph -->\n<p>&nbsp;<\/p>\n<p>&nbsp;<\/p>\n<p>&nbsp;<\/p>\n<p>&nbsp;<\/p>\n<p>&nbsp;<\/p>\n<p>&nbsp;<\/p>\n<!-- divi:image {\"align\":\"wide\",\"id\":850,\"sizeSlug\":\"large\",\"linkDestination\":\"none\"} -->\n<p>&nbsp;<\/p>\n<p>&nbsp;<\/p>\n<p>&nbsp;<\/p>\n<p>&nbsp;<\/p>\n<p>&nbsp;<\/p>\n<p>&nbsp;<\/p>\n<p>&nbsp;<\/p>\n<!-- \/divi:paragraph -->\n<p>&nbsp;<\/p>\n<p>&nbsp;<\/p>\n<p>&nbsp;<\/p>\n<p>&nbsp;<\/p>\n<p>&nbsp;<\/p>\n<p>&nbsp;<\/p>\n<p>&nbsp;<\/p>\n<!-- divi:paragraph -->\n<p>&nbsp;<\/p>\n<p>&nbsp;<\/p>\n<p>&nbsp;<\/p>\n<p>&nbsp;<\/p>\n<p>&nbsp;<\/p>\n<p>&nbsp;<\/p>\n<p>&nbsp;<\/p>\n<!-- \/divi:paragraph -->\n<p>&nbsp;<\/p>\n<p>&nbsp;<\/p>\n<p>&nbsp;<\/p>\n<p>&nbsp;<\/p>\n<p>&nbsp;<\/p>\n<p>&nbsp;<\/p>\n<p>&nbsp;<\/p>\n<!-- divi:paragraph -->\n<p>&nbsp;<\/p>\n<p>&nbsp;<\/p>\n<p>&nbsp;<\/p>\n<p>&nbsp;<\/p>\n<p>&nbsp;<\/p>\n<p>&nbsp;<\/p>\n<p>&nbsp;<\/p>\n<!-- \/divi:paragraph --><\/div>\n\t\t\t<\/div>\n\t\t\t<\/div>\n\t\t\t\t\n\t\t\t\t\n\t\t\t\t\n\t\t\t\t\n\t\t\t<\/div>\n\t\t\t\t\n\t\t\t\t\n\t\t\t<\/div>\n\n","protected":false},"excerpt":{"rendered":"","protected":false},"author":2,"featured_media":1055,"comment_status":"open","ping_status":"open","sticky":false,"template":"","format":"standard","meta":{"_et_pb_use_builder":"on","_et_pb_old_content":"<!-- wp:paragraph -->\n<p><em>Madrid, 6 de diciembre de 2022<\/em><\/p>\n<!-- \/wp:paragraph -->\n\n<!-- wp:image {\"align\":\"wide\",\"id\":850,\"sizeSlug\":\"large\",\"linkDestination\":\"none\"} -->\n<figure class=\"wp-block-image alignwide size-large\"><img src=\"http:\/\/www.nngg.org\/wp-content\/uploads\/2022\/12\/WEB-1024x256.png\" alt=\"\" class=\"wp-image-850\"\/><\/figure>\n<!-- \/wp:image -->\n\n<!-- wp:paragraph -->\n<p>Este 6 de diciembre, los espa\u00f1oles celebramos el cuadrag\u00e9simo cuarto aniversario de la ratificaci\u00f3n del pueblo espa\u00f1ol de nuestra Constituci\u00f3n. No se trata de un aniversario cualquiera, sino de la celebraci\u00f3n de la Espa\u00f1a democr\u00e1tica nacida tras un ejemplar proceso de transici\u00f3n.<\/p>\n<!-- \/wp:paragraph -->\n\n<!-- wp:paragraph -->\n<p>Nuevas Generaciones revindica, hoy m\u00e1s que nunca, el esp\u00edritu de la Transici\u00f3n, fiel reflejo de nuestra tradici\u00f3n constitucional. Espa\u00f1a est\u00e1 hoy m\u00e1s crispada y polarizada que nunca. Por eso, nuestro deber moral es recordar y celebrar el hito que alcanz\u00f3 el pueblo espa\u00f1ol hace 44 a\u00f1os. Ni siquiera las heridas de nuestra historia, impidieron a los espa\u00f1oles abrazarse y superar diferencias para construir juntos una de las constituciones m\u00e1s avanzadas del mundo. Es el mejor reflejo de la generosidad de la sociedad espa\u00f1ola y de su af\u00e1n democr\u00e1tico.<\/p>\n<!-- \/wp:paragraph -->\n\n<!-- wp:paragraph -->\n<p>En estos 44 a\u00f1os Espa\u00f1a ha protagonizado las mejores p\u00e1ginas de su historia. Nos integramos en la Uni\u00f3n Europea, construimos un estado de bienestar mod\u00e9lico y admirable y pasamos a formar parte del club de las grandes democracias liberales del mundo. Sin embargo, Espa\u00f1a tambi\u00e9n pag\u00f3 el terrible peaje de la lucha contra la violencia armada y el terrorismo para poder mantener viva nuestra democracia. Hoy, tambi\u00e9n debemos conmemorar a todas las v\u00edctimas y las familias que han sufrido las consecuencias de tales actos, gracias a su sacrificio hoy seguimos disfrutando de nuestro estado de bienestar.<\/p>\n<!-- \/wp:paragraph -->\n\n<!-- wp:paragraph -->\n<p>Este 6 de diciembre, Nuevas Generaciones llama a todos los j\u00f3venes espa\u00f1oles a que renovemos el pacto constitucional. Somos herederos de una Espa\u00f1a de concordia y libertad y debemos ser responsables. El constitucionalismo joven es fundamental para mantener vivo este gran legado. Renovar el pacto constitucional, implica alcanzar grandes consensos. Por eso, apelamos a la unida y pedimos al resto de formaciones pol\u00edticas que trabajen para lograr ese gran consenso sobre la reforma del art\u00edculo 49 de la Constituci\u00f3n.<\/p>\n<!-- \/wp:paragraph -->\n\n<!-- wp:paragraph -->\n<p>Nuevas Generaciones renueva hoy su compromiso con la Constituci\u00f3n. Por eso, debemos se\u00f1alar el mayor de los peligros a los que se enfrenta, que es la degradaci\u00f3n institucional que vive nuestro pa\u00eds desde la llegada al gobierno de Pedro S\u00e1nchez. Nuestra Carta Magna se fundamenta en la unidad nacional, la soberan\u00eda del pueblo espa\u00f1ol y nuestra confianza en el jefe del estado, Felipe VI. Por tanto, quien deroga garant\u00edas constitucionales como el delito de sedici\u00f3n o la independencia judicial est\u00e1 atacando la vigencia de nuestra Constituci\u00f3n.<\/p>\n<!-- \/wp:paragraph -->\n\n<!-- wp:paragraph -->\n<p>Con el vivo recuerdo de los padres de la Constituci\u00f3n, hoy proclamamos nuestro compromiso para seguir construyendo nuestro proyecto pol\u00edtico. Fieles a nuestra historia, seguiremos trabajando en defensa del inter\u00e9s general y por la continuidad de nuestra Constituci\u00f3n, siempre enraizados en sus principios y valores.<\/p>\n<!-- \/wp:paragraph -->\n\n<!-- wp:paragraph -->\n<p>\u00a1Viva Espa\u00f1a! \u00a1Viva la Constituci\u00f3n!<\/p>\n<!-- \/wp:paragraph -->\n\n<!-- wp:paragraph -->\n<p><\/p>\n<!-- \/wp:paragraph -->\n\n<!-- wp:paragraph -->\n<p><\/p>\n<!-- \/wp:paragraph -->","_et_gb_content_width":"","footnotes":""},"categories":[1],"tags":[],"class_list":["post-873","post","type-post","status-publish","format-standard","has-post-thumbnail","hentry","category-nngg"],"_links":{"self":[{"href":"http:\/\/www.nngg.org\/index.php\/wp-json\/wp\/v2\/posts\/873","targetHints":{"allow":["GET"]}}],"collection":[{"href":"http:\/\/www.nngg.org\/index.php\/wp-json\/wp\/v2\/posts"}],"about":[{"href":"http:\/\/www.nngg.org\/index.php\/wp-json\/wp\/v2\/types\/post"}],"author":[{"embeddable":true,"href":"http:\/\/www.nngg.org\/index.php\/wp-json\/wp\/v2\/users\/2"}],"replies":[{"embeddable":true,"href":"http:\/\/www.nngg.org\/index.php\/wp-json\/wp\/v2\/comments?post=873"}],"version-history":[{"count":6,"href":"http:\/\/www.nngg.org\/index.php\/wp-json\/wp\/v2\/posts\/873\/revisions"}],"predecessor-version":[{"id":1189,"href":"http:\/\/www.nngg.org\/index.php\/wp-json\/wp\/v2\/posts\/873\/revisions\/1189"}],"wp:featuredmedia":[{"embeddable":true,"href":"http:\/\/www.nngg.org\/index.php\/wp-json\/wp\/v2\/media\/1055"}],"wp:attachment":[{"href":"http:\/\/www.nngg.org\/index.php\/wp-json\/wp\/v2\/media?parent=873"}],"wp:term":[{"taxonomy":"category","embeddable":true,"href":"http:\/\/www.nngg.org\/index.php\/wp-json\/wp\/v2\/categories?post=873"},{"taxonomy":"post_tag","embeddable":true,"href":"http:\/\/www.nngg.org\/index.php\/wp-json\/wp\/v2\/tags?post=873"}],"curies":[{"name":"wp","href":"https:\/\/api.w.org\/{rel}","templated":true}]}}