{"id":861,"date":"2022-12-16T17:44:05","date_gmt":"2022-12-16T17:44:05","guid":{"rendered":"http:\/\/www.nngg.org\/?p=861"},"modified":"2023-02-06T10:51:22","modified_gmt":"2023-02-06T10:51:22","slug":"xi-congreso-autonomico-nngg-castilla-la-mancha","status":"publish","type":"post","link":"http:\/\/www.nngg.org\/index.php\/2022\/12\/16\/xi-congreso-autonomico-nngg-castilla-la-mancha\/","title":{"rendered":"XI Congreso Auton\u00f3mico NNGG Castilla-La Mancha"},"content":{"rendered":"\t\t<div data-elementor-type=\"wp-post\" data-elementor-id=\"861\" class=\"elementor elementor-861\">\n\t\t\t\t\t\t<section class=\"elementor-section elementor-top-section elementor-element elementor-element-1855e2c4 elementor-section-boxed elementor-section-height-default elementor-section-height-default\" data-id=\"1855e2c4\" data-element_type=\"section\" data-e-type=\"section\">\n\t\t\t\t\t\t<div class=\"elementor-container elementor-column-gap-default\">\n\t\t\t\t\t<div class=\"elementor-column elementor-col-100 elementor-top-column elementor-element elementor-element-684561ee\" data-id=\"684561ee\" data-element_type=\"column\" data-e-type=\"column\">\n\t\t\t<div class=\"elementor-widget-wrap elementor-element-populated\">\n\t\t\t\t\t\t<div class=\"elementor-element elementor-element-7d4dde08 elementor-widget elementor-widget-text-editor\" data-id=\"7d4dde08\" data-element_type=\"widget\" data-e-type=\"widget\" data-widget_type=\"text-editor.default\">\n\t\t\t\t<div class=\"elementor-widget-container\">\n\t\t\t\t\t\t\t\t\t<p><\/p>\n<p><em>Azuqueca de Henares, 16 de diciembre de 2022<\/em><\/p>\n<p><span style=\"color: var( --e-global-color-text ); font-family: var( --e-global-typography-text-font-family ), Sans-serif; font-size: 14px; font-weight: var( --e-global-typography-text-font-weight );\">Este fin de semana se ha celebrado en la provincia de Guadalajara el XI Congreso Auton\u00f3mico de NNGG Castilla-La Mancha #EsElMomento.<\/span><\/p>\n<p><span style=\"color: var( --e-global-color-text ); font-family: var( --e-global-typography-text-font-family ), Sans-serif; font-size: 14px; font-weight: var( --e-global-typography-text-font-weight );\">Tras m\u00e1s de cinco a\u00f1os al frente de la organizaci\u00f3n, Marta Maroto se desped\u00eda para dar paso a una nueva generaci\u00f3n de j\u00f3venes dispuestos a dar la batalla pol\u00edtica para llevar a Paco N\u00fa\u00f1ez al Palacio de Fuensalida.<\/span><\/p>\n<p><span style=\"color: var( --e-global-color-text ); font-family: var( --e-global-typography-text-font-family ), Sans-serif; font-size: 14px; font-weight: var( --e-global-typography-text-font-weight );\">Jorge S\u00e1nchez Infante, responsable Nacional de Espa\u00f1a Rural y Deporte y presidente de la Comisi\u00f3n Organizadora del Congreso, abri\u00f3 la jornada dando cuenta de los trabajos de organizaci\u00f3n y recordando los a\u00f1os de trabajo junto a la ya ex presidenta.<\/span><\/p>\n<p><span style=\"color: var( --e-global-color-text ); font-family: var( --e-global-typography-text-font-family ), Sans-serif; font-size: 14px; font-weight: var( --e-global-typography-text-font-weight );\">El Secretario General de NNGG, Carlo Angrisano, particip\u00f3 en la apertura, destacando en su discurso la hipocres\u00eda del\u00a0 Presidente de la Junta de Comunidades cuando critica el asalto sanchista al Tribunal Constitucional y al Poder Judicial: \u201c\u00bfPor qu\u00e9 si tan poco le gustan estas decisiones, no control\u00f3 a los 9 parlamentarios que tiene en el Congreso de los Diputados?\u201d.<\/span><\/p>\n<p><span style=\"color: var( --e-global-color-text ); font-family: var( --e-global-typography-text-font-family ), Sans-serif; font-size: 14px; font-weight: var( --e-global-typography-text-font-weight );\">Marta Maroto tom\u00f3 la palabra para despedirse de todos los afiliados y simpatizantes y agradeciendo a todos por el trabajo realizado a lo largo de estos a\u00f1os, en los que destac\u00f3 campa\u00f1as como \u201cpopulares solidarios\u201d o \u201ca Santiago por Castilla-La Mancha\u201d.\u00a0<\/span><\/p>\n<p><span style=\"color: var( --e-global-color-text ); font-family: var( --e-global-typography-text-font-family ), Sans-serif; font-size: 14px; font-weight: var( --e-global-typography-text-font-weight );\">Jos\u00e9 Luis Montalvo fue elegido nuevo Presidente de NNGG de Castilla-La Mancha con un 92,40% de los votos y present\u00f3 un equipo de nuevas caras, en las que destaca el nuevo Secretario General, el toledano Miguel Le\u00f3n.<\/span><\/p>\n<p><span style=\"color: var( --e-global-color-text ); font-family: var( --e-global-typography-text-font-family ), Sans-serif; font-size: 14px; font-weight: var( --e-global-typography-text-font-weight );\">La Presidenta Nacional, Bea Fanjul, alert\u00f3 de c\u00f3mo la izquierda est\u00e1 enga\u00f1ando a toda una generaci\u00f3n con falsas promesas que acaban en saco roto. \u201cLo que la izquierda est\u00e1 lapidando no es nuestro futuro, sino nuestro presente. Nos est\u00e1n diciendo que trabajar, emanciparse o llenar el dep\u00f3sito, se consigue con un bono de 400 euros. Nos est\u00e1n diciendo, que se\u00e1is dependientes, que el d\u00eda de ma\u00f1ana, ser\u00e1 pap\u00e1 estado, bajo sus gustos y convicciones, el que nos diga que tipo de persona tendremos que ser\u201d.<\/span><\/p>\n<p><span style=\"color: var( --e-global-color-text ); font-family: var( --e-global-typography-text-font-family ), Sans-serif; font-size: 14px; font-weight: var( --e-global-typography-text-font-weight );\">El Vicesecretario de Organizaci\u00f3n del Partido Popular acompa\u00f1\u00f3 a NNGG en este Congreso y pidi\u00f3 un esfuerzo a todos los presentes de aqu\u00ed a las elecciones del 28 de mayo.\u00a0 Desde Nuevas Generaciones Espa\u00f1a seguimos trabajando en la renovaci\u00f3n de los equipos y en alertar de las nefastas consecuencias que las pol\u00edticas de S\u00e1nchez tienen para los m\u00e1s j\u00f3venes.<\/span><\/p>\n<p><iframe title=\"Intervenci\u00f3n Bea Fanjul - XI Congreso auton\u00f3mico NNGG Castilla-La Mancha\" width=\"1080\" height=\"608\" src=\"https:\/\/www.youtube.com\/embed\/yLYadigDZ-4?start=3&feature=oembed\"  allow=\"accelerometer; autoplay; clipboard-write; encrypted-media; gyroscope; picture-in-picture; web-share\" allowfullscreen><\/iframe><\/p>\n<p><\/p>\n<p><\/p>\t\t\t\t\t\t\t\t<\/div>\n\t\t\t\t<\/div>\n\t\t\t\t\t<\/div>\n\t\t<\/div>\n\t\t\t\t\t<\/div>\n\t\t<\/section>\n\t\t\t\t<\/div>\n\t\t","protected":false},"excerpt":{"rendered":"<p>Azuqueca de Henares, 16 de diciembre de 2022 Este fin de semana se ha celebrado en la provincia de Guadalajara el XI Congreso Auton\u00f3mico de NNGG Castilla-La Mancha #EsElMomento. Tras m\u00e1s de cinco a\u00f1os al frente de la organizaci\u00f3n, Marta Maroto se desped\u00eda para dar paso a una nueva generaci\u00f3n de j\u00f3venes dispuestos a dar [&hellip;]<\/p>\n","protected":false},"author":2,"featured_media":1131,"comment_status":"open","ping_status":"open","sticky":false,"template":"","format":"standard","meta":{"footnotes":""},"categories":[11,12,1],"tags":[],"class_list":["post-861","post","type-post","status-publish","format-standard","has-post-thumbnail","hentry","category-bea-fanjul","category-carlo-angrisano","category-nngg"],"_links":{"self":[{"href":"http:\/\/www.nngg.org\/index.php\/wp-json\/wp\/v2\/posts\/861","targetHints":{"allow":["GET"]}}],"collection":[{"href":"http:\/\/www.nngg.org\/index.php\/wp-json\/wp\/v2\/posts"}],"about":[{"href":"http:\/\/www.nngg.org\/index.php\/wp-json\/wp\/v2\/types\/post"}],"author":[{"embeddable":true,"href":"http:\/\/www.nngg.org\/index.php\/wp-json\/wp\/v2\/users\/2"}],"replies":[{"embeddable":true,"href":"http:\/\/www.nngg.org\/index.php\/wp-json\/wp\/v2\/comments?post=861"}],"version-history":[{"count":23,"href":"http:\/\/www.nngg.org\/index.php\/wp-json\/wp\/v2\/posts\/861\/revisions"}],"predecessor-version":[{"id":1179,"href":"http:\/\/www.nngg.org\/index.php\/wp-json\/wp\/v2\/posts\/861\/revisions\/1179"}],"wp:featuredmedia":[{"embeddable":true,"href":"http:\/\/www.nngg.org\/index.php\/wp-json\/wp\/v2\/media\/1131"}],"wp:attachment":[{"href":"http:\/\/www.nngg.org\/index.php\/wp-json\/wp\/v2\/media?parent=861"}],"wp:term":[{"taxonomy":"category","embeddable":true,"href":"http:\/\/www.nngg.org\/index.php\/wp-json\/wp\/v2\/categories?post=861"},{"taxonomy":"post_tag","embeddable":true,"href":"http:\/\/www.nngg.org\/index.php\/wp-json\/wp\/v2\/tags?post=861"}],"curies":[{"name":"wp","href":"https:\/\/api.w.org\/{rel}","templated":true}]}}