{"id":820,"date":"2022-10-24T14:46:12","date_gmt":"2022-10-24T14:46:12","guid":{"rendered":"http:\/\/www.nngg.org\/?p=820"},"modified":"2023-02-06T10:51:52","modified_gmt":"2023-02-06T10:51:52","slug":"junta-directiva-nacional-con-alberto-nunez-feijoo","status":"publish","type":"post","link":"http:\/\/www.nngg.org\/index.php\/2022\/10\/24\/junta-directiva-nacional-con-alberto-nunez-feijoo\/","title":{"rendered":"Junta Directiva Nacional con Alberto N\u00fa\u00f1ez Feij\u00f3o"},"content":{"rendered":"\n<p><em>Madrid, 24 de octubre de 2022<\/em><\/p>\n\n\n\n<p>La Junta Directiva Nacional se re\u00fane hoy con el presidente del Partido Popular, Alberto N\u00fa\u00f1ez Feij\u00f3o, y su Coordinador General, El\u00edas Bendodo, para hacer balance de la convenci\u00f3n sectorial de \u2018Juventud: un proyecto de vida. A la altura de un gran pa\u00eds\u2019 celebrada lunes, 24 de octubre, en Madrid.<\/p>\n\n\n\n<p>Durante la Junta Directiva Nacional los afiliados pudieron trasladar sus inquietudes  y propuestas al Presidente Nacional. Se trataron temas como la pol\u00edtica educativa, econ\u00f3mica y situaci\u00f3n actual de cada una de las regiones y el pa\u00eds con la desastrosa gesti\u00f3n del gobierno de Pedro S\u00e1nchez.<\/p>\n\n\n\n<p>Desde NNGG seguimos apostando para que el gobierno implante una serie de medidas de apoyo a los j\u00f3venes por ser uno de los sectores m\u00e1s perjudicados por las \u00faltimas dos crisis. Medidas efectivas y no cheques que el gobierno da a cambio de comprar los votos de los interesados. Desde el Partido Popular abofamos por una formaci\u00f3n de calidad y equitativa, que mejore la empleabilidad, poniendo el acento en la FP dual e incorporar una EBAU \u00fanica para toda Espa\u00f1a.<\/p>\n\n\n\n<p>Tambi\u00e9n exigimos que todas las administraciones se impliquen al m\u00e1ximo en materia de salud mental \"la pandemia silenciosa que asola a nuestra sociedad\" y que es la principal causa de mortalidad juvenil hoy en d\u00eda.<\/p>\n\n\n\n<p><\/p>\n\n\n\n<p><\/p>\n\n\n\n<figure class=\"wp-block-embed is-type-video is-provider-youtube wp-block-embed-youtube wp-embed-aspect-16-9 wp-has-aspect-ratio\"><div class=\"wp-block-embed__wrapper\">\n<iframe title=\"Junta Directiva Nacional NNGG con nuestro Presidente, Alberto Nu\u00f1ez Feijoo.\" width=\"1080\" height=\"608\" src=\"https:\/\/www.youtube.com\/embed\/fhzihJYhaD0?feature=oembed\"  allow=\"accelerometer; autoplay; clipboard-write; encrypted-media; gyroscope; picture-in-picture\" allowfullscreen><\/iframe>\n<\/div><\/figure>\n\n\n\n<p><\/p>\n","protected":false},"excerpt":{"rendered":"<p>Madrid, 24 de octubre de 2022 La Junta Directiva Nacional se re\u00fane hoy con el presidente del Partido Popular, Alberto N\u00fa\u00f1ez Feij\u00f3o, y su Coordinador General, El\u00edas Bendodo, para hacer balance de la convenci\u00f3n sectorial de \u2018Juventud: un proyecto de vida. A la altura de un gran pa\u00eds\u2019 celebrada lunes, 24 de octubre, en Madrid. [&hellip;]<\/p>\n","protected":false},"author":2,"featured_media":986,"comment_status":"open","ping_status":"open","sticky":false,"template":"","format":"standard","meta":{"footnotes":""},"categories":[14,11,12,13,1,17],"tags":[],"class_list":["post-820","post","type-post","status-publish","format-standard","has-post-thumbnail","hentry","category-alberto-nunez-feijoo","category-bea-fanjul","category-carlo-angrisano","category-miguel-angel-sastre","category-nngg","category-pp"],"_links":{"self":[{"href":"http:\/\/www.nngg.org\/index.php\/wp-json\/wp\/v2\/posts\/820","targetHints":{"allow":["GET"]}}],"collection":[{"href":"http:\/\/www.nngg.org\/index.php\/wp-json\/wp\/v2\/posts"}],"about":[{"href":"http:\/\/www.nngg.org\/index.php\/wp-json\/wp\/v2\/types\/post"}],"author":[{"embeddable":true,"href":"http:\/\/www.nngg.org\/index.php\/wp-json\/wp\/v2\/users\/2"}],"replies":[{"embeddable":true,"href":"http:\/\/www.nngg.org\/index.php\/wp-json\/wp\/v2\/comments?post=820"}],"version-history":[{"count":2,"href":"http:\/\/www.nngg.org\/index.php\/wp-json\/wp\/v2\/posts\/820\/revisions"}],"predecessor-version":[{"id":987,"href":"http:\/\/www.nngg.org\/index.php\/wp-json\/wp\/v2\/posts\/820\/revisions\/987"}],"wp:featuredmedia":[{"embeddable":true,"href":"http:\/\/www.nngg.org\/index.php\/wp-json\/wp\/v2\/media\/986"}],"wp:attachment":[{"href":"http:\/\/www.nngg.org\/index.php\/wp-json\/wp\/v2\/media?parent=820"}],"wp:term":[{"taxonomy":"category","embeddable":true,"href":"http:\/\/www.nngg.org\/index.php\/wp-json\/wp\/v2\/categories?post=820"},{"taxonomy":"post_tag","embeddable":true,"href":"http:\/\/www.nngg.org\/index.php\/wp-json\/wp\/v2\/tags?post=820"}],"curies":[{"name":"wp","href":"https:\/\/api.w.org\/{rel}","templated":true}]}}