{"id":816,"date":"2022-07-08T13:35:05","date_gmt":"2022-07-08T13:35:05","guid":{"rendered":"http:\/\/www.nngg.org\/?p=816"},"modified":"2023-02-06T10:52:29","modified_gmt":"2023-02-06T10:52:29","slug":"xxv-aniversario-miguel-angel-blanco-tu-legado-de-nngg","status":"publish","type":"post","link":"http:\/\/www.nngg.org\/index.php\/2022\/07\/08\/xxv-aniversario-miguel-angel-blanco-tu-legado-de-nngg\/","title":{"rendered":"XXV Aniversario Miguel \u00c1ngel Blanco \u201cTu legado\u201d"},"content":{"rendered":"\n<p><em>Bilbao, 8 y 9 de julio de 2022<\/em><\/p>\n\n\n\n<p>En el XXV aniversario del asesinato de Miguel \u00c1ngel Blanco seguimos recordando su legado y su memoria. Seguimos recordando a nuestro compa\u00f1ero y a todas las victimas del terrorismo etarra. Hace 25 a\u00f1os Ermua se convirti\u00f3 en el coraz\u00f3n de toda Espa\u00f1a. Desgraciadamente parte de los j\u00f3venes se est\u00e1n olvidando de su historia.<\/p>\n\n\n\n<p>Es por eso que desde Nuevas Generaciones organizamos un a\u00f1o m\u00e1s la Escuela Miguel \u00c1ngel Blanco porque a d\u00eda de hoy, nuestro Presidente de Honor sigue siendo un referente de la libertad por la que peleamos los j\u00f3venes.<\/p>\n\n\n\n<p>El objetivo de esta escuela es formar a las personas j\u00f3venes en libertar, memoria y justicia para no dejar a nadie atr\u00e1s. Nos enfrentamos a un futuro lleno de retos y discutiremos sobre ellos durante un fin de semana lleno de principios y valores.<\/p>\n\n\n\n<figure class=\"wp-block-embed aligncenter is-type-rich is-provider-twitter wp-block-embed-twitter\"><div class=\"wp-block-embed__wrapper\">\n<blockquote class=\"twitter-tweet\" data-width=\"550\" data-dnt=\"true\"><p lang=\"es\" dir=\"ltr\">La vida de Miguel \u00c1ngel Blanco es sin\u00f3nimo de lucha por la libertad. <br><br>Hoy m\u00e1s que nunca su legado tiene que ser la bandera de la memoria y la dignidad. <br><br>No al olvido. No a la desmemoria. <a href=\"https:\/\/t.co\/7K5JSPdOFJ\">pic.twitter.com\/7K5JSPdOFJ<\/a><\/p>&mdash; NNGG Espa\u00f1a \ud83c\uddea\ud83c\uddf8 (@NNGG_Es) <a href=\"https:\/\/twitter.com\/NNGG_Es\/status\/1318622153391169540?ref_src=twsrc%5Etfw\">October 20, 2020<\/a><\/blockquote><script async src=\"https:\/\/platform.twitter.com\/widgets.js\" charset=\"utf-8\"><\/script>\n<\/div><\/figure>\n\n\n\n<p><\/p>\n\n\n\n<p><\/p>\n\n\n\n<p><\/p>\n\n\n\n<p><\/p>\n","protected":false},"excerpt":{"rendered":"<p>Bilbao, 8 y 9 de julio de 2022 En el XXV aniversario del asesinato de Miguel \u00c1ngel Blanco seguimos recordando su legado y su memoria. Seguimos recordando a nuestro compa\u00f1ero y a todas las victimas del terrorismo etarra. Hace 25 a\u00f1os Ermua se convirti\u00f3 en el coraz\u00f3n de toda Espa\u00f1a. Desgraciadamente parte de los j\u00f3venes [&hellip;]<\/p>\n","protected":false},"author":2,"featured_media":991,"comment_status":"open","ping_status":"open","sticky":false,"template":"","format":"standard","meta":{"footnotes":""},"categories":[11,12,15,16,13,1,17],"tags":[],"class_list":["post-816","post","type-post","status-publish","format-standard","has-post-thumbnail","hentry","category-bea-fanjul","category-carlo-angrisano","category-cuca-gamarra","category-elias-bendodo","category-miguel-angel-sastre","category-nngg","category-pp"],"_links":{"self":[{"href":"http:\/\/www.nngg.org\/index.php\/wp-json\/wp\/v2\/posts\/816","targetHints":{"allow":["GET"]}}],"collection":[{"href":"http:\/\/www.nngg.org\/index.php\/wp-json\/wp\/v2\/posts"}],"about":[{"href":"http:\/\/www.nngg.org\/index.php\/wp-json\/wp\/v2\/types\/post"}],"author":[{"embeddable":true,"href":"http:\/\/www.nngg.org\/index.php\/wp-json\/wp\/v2\/users\/2"}],"replies":[{"embeddable":true,"href":"http:\/\/www.nngg.org\/index.php\/wp-json\/wp\/v2\/comments?post=816"}],"version-history":[{"count":6,"href":"http:\/\/www.nngg.org\/index.php\/wp-json\/wp\/v2\/posts\/816\/revisions"}],"predecessor-version":[{"id":990,"href":"http:\/\/www.nngg.org\/index.php\/wp-json\/wp\/v2\/posts\/816\/revisions\/990"}],"wp:featuredmedia":[{"embeddable":true,"href":"http:\/\/www.nngg.org\/index.php\/wp-json\/wp\/v2\/media\/991"}],"wp:attachment":[{"href":"http:\/\/www.nngg.org\/index.php\/wp-json\/wp\/v2\/media?parent=816"}],"wp:term":[{"taxonomy":"category","embeddable":true,"href":"http:\/\/www.nngg.org\/index.php\/wp-json\/wp\/v2\/categories?post=816"},{"taxonomy":"post_tag","embeddable":true,"href":"http:\/\/www.nngg.org\/index.php\/wp-json\/wp\/v2\/tags?post=816"}],"curies":[{"name":"wp","href":"https:\/\/api.w.org\/{rel}","templated":true}]}}