{"id":811,"date":"2022-05-30T13:33:04","date_gmt":"2022-05-30T13:33:04","guid":{"rendered":"http:\/\/www.nngg.org\/?p=811"},"modified":"2023-02-06T10:53:05","modified_gmt":"2023-02-06T10:53:05","slug":"formemos-nngg-con-el-coordinador-general-del-pp-elias-bendodo","status":"publish","type":"post","link":"http:\/\/www.nngg.org\/index.php\/2022\/05\/30\/formemos-nngg-con-el-coordinador-general-del-pp-elias-bendodo\/","title":{"rendered":"Formemos NNGG con el Coordinador General del PP, El\u00edas Bendodo"},"content":{"rendered":"\n<p><em>Madrid, 30 de mayo de 2022<\/em><\/p>\n\n\n\n<p>Desde Nuevas Generaciones del Partido Popular hemos organizado una nueva edici\u00f3n de nuestras charlas formativos #Formemos. En esta ocasi\u00f3n hemos conversador con el nuevo Coordinador General Nacional del Partido Popular, El\u00edas Bendodo, sobre los hitos del gobierno de Juanma Moreno y el cambio que han producido en Andaluc\u00eda.<\/p>\n\n\n\n<p>El coordinador general ha destacado: \"Vivienda, empleo y educaci\u00f3n deben ser clave para el futuro de Espa\u00f1a y Andaluc\u00eda. El proyecto del Partido Popular apuesta por el presente y el futuro de los m\u00e1s j\u00f3venes\".<\/p>\n\n\n\n<p>Por su parte nuestra presidenta, Bea Fanjul, ha destacado que Andaluc\u00eda es un ejemplo de la importancia de una buena pol\u00edtica auton\u00f3mica y nacional para construir el futuro de los j\u00f3venes.<\/p>\n\n\n\n<p>En Nuevas Generaciones seguimos form\u00e1ndonos y conociendo ejemplos de buena gesti\u00f3n, trabajo y preparaci\u00f3n para lograr un cambio en nuestra sociedad y tener nuevas oportunidades para nuestro futuro.<\/p>\n\n\n\n<figure class=\"wp-block-image alignwide size-full\"><img fetchpriority=\"high\" fetchpriority=\"high\" decoding=\"async\" width=\"980\" height=\"653\" src=\"http:\/\/www.nngg.org\/wp-content\/uploads\/2023\/01\/6.1-Formemos-EB-980x653-1.jpg\" alt=\"\" class=\"wp-image-996\" srcset=\"http:\/\/www.nngg.org\/wp-content\/uploads\/2023\/01\/6.1-Formemos-EB-980x653-1.jpg 980w, http:\/\/www.nngg.org\/wp-content\/uploads\/2023\/01\/6.1-Formemos-EB-980x653-1-480x320.jpg 480w\" sizes=\"(min-width: 0px) and (max-width: 480px) 480px, (min-width: 481px) 980px, 100vw\" \/><\/figure>\n\n\n\n<p><\/p>\n\n\n\n<p><\/p>\n\n\n\n<p><\/p>\n","protected":false},"excerpt":{"rendered":"<p>Madrid, 30 de mayo de 2022 Desde Nuevas Generaciones del Partido Popular hemos organizado una nueva edici\u00f3n de nuestras charlas formativos #Formemos. En esta ocasi\u00f3n hemos conversador con el nuevo Coordinador General Nacional del Partido Popular, El\u00edas Bendodo, sobre los hitos del gobierno de Juanma Moreno y el cambio que han producido en Andaluc\u00eda. El [&hellip;]<\/p>\n","protected":false},"author":2,"featured_media":998,"comment_status":"open","ping_status":"open","sticky":false,"template":"","format":"standard","meta":{"footnotes":""},"categories":[11,16,1,17],"tags":[],"class_list":["post-811","post","type-post","status-publish","format-standard","has-post-thumbnail","hentry","category-bea-fanjul","category-elias-bendodo","category-nngg","category-pp"],"_links":{"self":[{"href":"http:\/\/www.nngg.org\/index.php\/wp-json\/wp\/v2\/posts\/811","targetHints":{"allow":["GET"]}}],"collection":[{"href":"http:\/\/www.nngg.org\/index.php\/wp-json\/wp\/v2\/posts"}],"about":[{"href":"http:\/\/www.nngg.org\/index.php\/wp-json\/wp\/v2\/types\/post"}],"author":[{"embeddable":true,"href":"http:\/\/www.nngg.org\/index.php\/wp-json\/wp\/v2\/users\/2"}],"replies":[{"embeddable":true,"href":"http:\/\/www.nngg.org\/index.php\/wp-json\/wp\/v2\/comments?post=811"}],"version-history":[{"count":8,"href":"http:\/\/www.nngg.org\/index.php\/wp-json\/wp\/v2\/posts\/811\/revisions"}],"predecessor-version":[{"id":1001,"href":"http:\/\/www.nngg.org\/index.php\/wp-json\/wp\/v2\/posts\/811\/revisions\/1001"}],"wp:featuredmedia":[{"embeddable":true,"href":"http:\/\/www.nngg.org\/index.php\/wp-json\/wp\/v2\/media\/998"}],"wp:attachment":[{"href":"http:\/\/www.nngg.org\/index.php\/wp-json\/wp\/v2\/media?parent=811"}],"wp:term":[{"taxonomy":"category","embeddable":true,"href":"http:\/\/www.nngg.org\/index.php\/wp-json\/wp\/v2\/categories?post=811"},{"taxonomy":"post_tag","embeddable":true,"href":"http:\/\/www.nngg.org\/index.php\/wp-json\/wp\/v2\/tags?post=811"}],"curies":[{"name":"wp","href":"https:\/\/api.w.org\/{rel}","templated":true}]}}