{"id":795,"date":"2022-05-23T12:53:59","date_gmt":"2022-05-23T12:53:59","guid":{"rendered":"http:\/\/www.nngg.org\/?p=795"},"modified":"2023-02-06T10:53:31","modified_gmt":"2023-02-06T10:53:31","slug":"el-despegue-de-andalucia","status":"publish","type":"post","link":"http:\/\/www.nngg.org\/index.php\/2022\/05\/23\/el-despegue-de-andalucia\/","title":{"rendered":"El despegue de Andaluc\u00eda"},"content":{"rendered":"\n<p><em>Madrid, 23 de mayo de 2022<\/em><\/p>\n\n\n\n<p>Nuevas Generaciones ha organizado en Madrid un afterwork con acento andaluz para destacar la gesti\u00f3n de Juanma Moreno al frente de la Junta de Andaluc\u00eda durante los \u00faltimos cuatro a\u00f1os.<\/p>\n\n\n\n<p>Al acto han asistido el vicesecretario de Econom\u00eda del Partido Popular, Juan Bravo, la ministra de Empleo y Seguridad Social de 2011 a 2018, F\u00e1tima B\u00e1\u00f1ez, y el delegado de la Junta de Andaluc\u00eda en Madrid, Vicente Azpitarte. La mesa ha estado moderada por el Coordinador General de Nuevas Generaciones, Miguel \u00c1ngel Sastre.<\/p>\n\n\n\n<p><\/p>\n\n\n\n<figure class=\"wp-block-image size-full is-resized\"><img fetchpriority=\"high\" fetchpriority=\"high\" decoding=\"async\" src=\"http:\/\/www.nngg.org\/wp-content\/uploads\/2022\/12\/5.1-Despegue-Andalucia.jpeg\" alt=\"\" class=\"wp-image-796\" width=\"419\" height=\"315\"\/><\/figure>\n\n\n\n<p>Durante el acto se ha destacado la necesidad que tiene Andaluc\u00eda de mantener un gobierno popular durante cuatro a\u00f1os m\u00e1s para dar la estabilidad y rigor tan necesarios para la regi\u00f3n. Con el Partido Popular y Juanma Moreno el despegue de Andaluc\u00eda es posible y lo vamos a demostrar.<\/p>\n\n\n\n<p><\/p>\n\n\n\n<p><\/p>\n\n\n\n<p><\/p>\n\n\n\n<p><\/p>\n","protected":false},"excerpt":{"rendered":"<p>Madrid, 23 de mayo de 2022 Nuevas Generaciones ha organizado en Madrid un afterwork con acento andaluz para destacar la gesti\u00f3n de Juanma Moreno al frente de la Junta de Andaluc\u00eda durante los \u00faltimos cuatro a\u00f1os. Al acto han asistido el vicesecretario de Econom\u00eda del Partido Popular, Juan Bravo, la ministra de Empleo y Seguridad [&hellip;]<\/p>\n","protected":false},"author":2,"featured_media":983,"comment_status":"open","ping_status":"open","sticky":false,"template":"","format":"standard","meta":{"footnotes":""},"categories":[13,1,17],"tags":[],"class_list":["post-795","post","type-post","status-publish","format-standard","has-post-thumbnail","hentry","category-miguel-angel-sastre","category-nngg","category-pp"],"_links":{"self":[{"href":"http:\/\/www.nngg.org\/index.php\/wp-json\/wp\/v2\/posts\/795","targetHints":{"allow":["GET"]}}],"collection":[{"href":"http:\/\/www.nngg.org\/index.php\/wp-json\/wp\/v2\/posts"}],"about":[{"href":"http:\/\/www.nngg.org\/index.php\/wp-json\/wp\/v2\/types\/post"}],"author":[{"embeddable":true,"href":"http:\/\/www.nngg.org\/index.php\/wp-json\/wp\/v2\/users\/2"}],"replies":[{"embeddable":true,"href":"http:\/\/www.nngg.org\/index.php\/wp-json\/wp\/v2\/comments?post=795"}],"version-history":[{"count":3,"href":"http:\/\/www.nngg.org\/index.php\/wp-json\/wp\/v2\/posts\/795\/revisions"}],"predecessor-version":[{"id":985,"href":"http:\/\/www.nngg.org\/index.php\/wp-json\/wp\/v2\/posts\/795\/revisions\/985"}],"wp:featuredmedia":[{"embeddable":true,"href":"http:\/\/www.nngg.org\/index.php\/wp-json\/wp\/v2\/media\/983"}],"wp:attachment":[{"href":"http:\/\/www.nngg.org\/index.php\/wp-json\/wp\/v2\/media?parent=795"}],"wp:term":[{"taxonomy":"category","embeddable":true,"href":"http:\/\/www.nngg.org\/index.php\/wp-json\/wp\/v2\/categories?post=795"},{"taxonomy":"post_tag","embeddable":true,"href":"http:\/\/www.nngg.org\/index.php\/wp-json\/wp\/v2\/tags?post=795"}],"curies":[{"name":"wp","href":"https:\/\/api.w.org\/{rel}","templated":true}]}}