{"id":785,"date":"2022-04-19T12:45:57","date_gmt":"2022-04-19T12:45:57","guid":{"rendered":"http:\/\/www.nngg.org\/?p=785"},"modified":"2023-02-06T10:53:54","modified_gmt":"2023-02-06T10:53:54","slug":"jornada-nacional-de-emprendimiento-e-inversion","status":"publish","type":"post","link":"http:\/\/www.nngg.org\/index.php\/2022\/04\/19\/jornada-nacional-de-emprendimiento-e-inversion\/","title":{"rendered":"Jornada Nacional de Emprendimiento e Inversi\u00f3n"},"content":{"rendered":"\n<p><em>Madrid, 19 de abril de 2022<\/em><\/p>\n\n\n\n<p>La presidenta de Nuevas Generaciones, Bea Fanjul, y el responsable del equipo de desarrollo profesional y emprendimiento, Gabriel Rodr\u00edguez Leva, han organizado en Madrid la primera jornada nacional de emprendimiento e inversi\u00f3n de Nuevas Generaciones.<\/p>\n\n\n\n<p>Al concluir el acto hemos podido escuchar al responsable de desarrollo profesional y emprendimiento ha destacado: \u201cLas grandes empresas, PYMES y los emprendedores son el aut\u00e9ntico motor de este pa\u00eds. Son generadores de riqueza y promueven la cultura del esfuerzo, clave para la excelencia y la superaci\u00f3n\u201d.<\/p>\n\n\n\n<p>En la jornada se ha podido contar con expertos que actualmente trabajan en empresas de \u00e9xito como el banco Santander, Iberdrola o Iberia.<\/p>\n\n\n\n<p>Por su parte, la presidenta Bea Fanjul ha destacado que \u201cen el mundo en el que vivimos ahora, la oportunidad no est\u00e1n evidente y no nos educan para encontrarla\u201d, tambi\u00e9n ha destacado la importancia de informar de esta posibilidad durante las etapas formativas.<\/p>\n\n\n\n<figure class=\"wp-block-image size-large is-resized\"><img fetchpriority=\"high\" fetchpriority=\"high\" decoding=\"async\" src=\"http:\/\/www.nngg.org\/wp-content\/uploads\/2022\/12\/3.1-Jornada-Emprendimiento-1-1024x768.jpeg\" alt=\"\" class=\"wp-image-787\" width=\"478\" height=\"359\"\/><\/figure>\n\n\n\n<p><\/p>\n\n\n\n<p><\/p>\n","protected":false},"excerpt":{"rendered":"<p>Madrid, 19 de abril de 2022 La presidenta de Nuevas Generaciones, Bea Fanjul, y el responsable del equipo de desarrollo profesional y emprendimiento, Gabriel Rodr\u00edguez Leva, han organizado en Madrid la primera jornada nacional de emprendimiento e inversi\u00f3n de Nuevas Generaciones. Al concluir el acto hemos podido escuchar al responsable de desarrollo profesional y emprendimiento [&hellip;]<\/p>\n","protected":false},"author":2,"featured_media":989,"comment_status":"open","ping_status":"open","sticky":false,"template":"","format":"standard","meta":{"footnotes":""},"categories":[11,1],"tags":[],"class_list":["post-785","post","type-post","status-publish","format-standard","has-post-thumbnail","hentry","category-bea-fanjul","category-nngg"],"_links":{"self":[{"href":"http:\/\/www.nngg.org\/index.php\/wp-json\/wp\/v2\/posts\/785","targetHints":{"allow":["GET"]}}],"collection":[{"href":"http:\/\/www.nngg.org\/index.php\/wp-json\/wp\/v2\/posts"}],"about":[{"href":"http:\/\/www.nngg.org\/index.php\/wp-json\/wp\/v2\/types\/post"}],"author":[{"embeddable":true,"href":"http:\/\/www.nngg.org\/index.php\/wp-json\/wp\/v2\/users\/2"}],"replies":[{"embeddable":true,"href":"http:\/\/www.nngg.org\/index.php\/wp-json\/wp\/v2\/comments?post=785"}],"version-history":[{"count":2,"href":"http:\/\/www.nngg.org\/index.php\/wp-json\/wp\/v2\/posts\/785\/revisions"}],"predecessor-version":[{"id":988,"href":"http:\/\/www.nngg.org\/index.php\/wp-json\/wp\/v2\/posts\/785\/revisions\/988"}],"wp:featuredmedia":[{"embeddable":true,"href":"http:\/\/www.nngg.org\/index.php\/wp-json\/wp\/v2\/media\/989"}],"wp:attachment":[{"href":"http:\/\/www.nngg.org\/index.php\/wp-json\/wp\/v2\/media?parent=785"}],"wp:term":[{"taxonomy":"category","embeddable":true,"href":"http:\/\/www.nngg.org\/index.php\/wp-json\/wp\/v2\/categories?post=785"},{"taxonomy":"post_tag","embeddable":true,"href":"http:\/\/www.nngg.org\/index.php\/wp-json\/wp\/v2\/tags?post=785"}],"curies":[{"name":"wp","href":"https:\/\/api.w.org\/{rel}","templated":true}]}}