{"id":781,"date":"2021-10-02T12:40:46","date_gmt":"2021-10-02T12:40:46","guid":{"rendered":"http:\/\/www.nngg.org\/?p=781"},"modified":"2023-02-06T10:54:11","modified_gmt":"2023-02-06T10:54:11","slug":"intervencion-de-bea-fanjul-en-la-convencion-nacional-del-partido-popular","status":"publish","type":"post","link":"http:\/\/www.nngg.org\/index.php\/2021\/10\/02\/intervencion-de-bea-fanjul-en-la-convencion-nacional-del-partido-popular\/","title":{"rendered":"Intervenci\u00f3n de Bea Fanjul en la Convenci\u00f3n Nacional del Partido Popular"},"content":{"rendered":"\n<p><em>Valencia, 2 de octubre de 2021<\/em><\/p>\n\n\n\n<p>Durante su intervenci\u00f3n en la inauguraci\u00f3n de la Convenci\u00f3n Nacional #Creemos del Partido Popular en Valencia, la presidenta ha recordado la gran labor de Rita Barbera al frente de Valencia durante 24 a\u00f1os.<\/p>\n\n\n\n<p>La presidenta de Nuevas Generaciones ha destacado que los j\u00f3venes no van a permitir que el gobierno del botanic destruya el proyecto, futuro y \u00e9xito de los valencianos. Tambi\u00e9n ha destacado que los espa\u00f1oles ya est\u00e1n hartos de las pol\u00edticas ruinosas de los gobiernos progresistas y que solo queda una opci\u00f3n, el Partido Popular.<\/p>\n\n\n\n<div class=\"wp-block-group is-layout-constrained wp-block-group-is-layout-constrained\">\n<div class=\"wp-block-columns is-layout-flex wp-container-core-columns-is-layout-9d6595d7 wp-block-columns-is-layout-flex\">\n<div class=\"wp-block-column is-layout-flow wp-block-column-is-layout-flow\" style=\"flex-basis:100%\">\n<figure class=\"wp-block-image alignwide size-large\"><img fetchpriority=\"high\" fetchpriority=\"high\" decoding=\"async\" width=\"1024\" height=\"682\" src=\"http:\/\/www.nngg.org\/wp-content\/uploads\/2022\/12\/2.-Convencion-Nacional-Creemos-1024x682.jpg\" alt=\"\" class=\"wp-image-783\" srcset=\"http:\/\/www.nngg.org\/wp-content\/uploads\/2022\/12\/2.-Convencion-Nacional-Creemos-980x652.jpg 980w, http:\/\/www.nngg.org\/wp-content\/uploads\/2022\/12\/2.-Convencion-Nacional-Creemos-480x320.jpg 480w\" sizes=\"(min-width: 0px) and (max-width: 480px) 480px, (min-width: 481px) and (max-width: 980px) 980px, (min-width: 981px) 1024px, 100vw\" \/><\/figure>\n<\/div>\n<\/div>\n<\/div>\n\n\n\n<p>La pol\u00edtica del sentido com\u00fan, fortaleza e ilusi\u00f3n volver\u00e1 en 2023 de la mano de Mar\u00eda Jos\u00e9 Catal\u00e1, Carlos Maz\u00f3n y Pablo Casado. Con ellos recuperaremos el sentido de estado, claridad y las oportunidades perdidas por Pedro S\u00e1nchez y sus socios de gobierno.<\/p>\n\n\n\n<p>Los j\u00f3venes y Nuevas Generaciones creemos que otro futuro es posible y que llegaremos a el gracias a las pol\u00edticas del Partido Popular.<\/p>\n\n\n\n<p><\/p>\n\n\n\n<figure class=\"wp-block-embed alignwide is-type-video is-provider-youtube wp-block-embed-youtube wp-embed-aspect-16-9 wp-has-aspect-ratio\"><div class=\"wp-block-embed__wrapper\">\n<iframe title=\"Bea Fanjul interviene en la Convenci\u00f3n Nacional del Partido Popular\" width=\"1080\" height=\"608\" src=\"https:\/\/www.youtube.com\/embed\/FcUGCDx7Iw0?feature=oembed\"  allow=\"accelerometer; autoplay; clipboard-write; encrypted-media; gyroscope; picture-in-picture\" allowfullscreen><\/iframe>\n<\/div><\/figure>\n\n\n\n<p><\/p>\n","protected":false},"excerpt":{"rendered":"<p>Valencia, 2 de octubre de 2021 Durante su intervenci\u00f3n en la inauguraci\u00f3n de la Convenci\u00f3n Nacional #Creemos del Partido Popular en Valencia, la presidenta ha recordado la gran labor de Rita Barbera al frente de Valencia durante 24 a\u00f1os. La presidenta de Nuevas Generaciones ha destacado que los j\u00f3venes no van a permitir que el [&hellip;]<\/p>\n","protected":false},"author":2,"featured_media":0,"comment_status":"open","ping_status":"open","sticky":false,"template":"","format":"standard","meta":{"footnotes":""},"categories":[11,1,17],"tags":[],"class_list":["post-781","post","type-post","status-publish","format-standard","hentry","category-bea-fanjul","category-nngg","category-pp"],"_links":{"self":[{"href":"http:\/\/www.nngg.org\/index.php\/wp-json\/wp\/v2\/posts\/781","targetHints":{"allow":["GET"]}}],"collection":[{"href":"http:\/\/www.nngg.org\/index.php\/wp-json\/wp\/v2\/posts"}],"about":[{"href":"http:\/\/www.nngg.org\/index.php\/wp-json\/wp\/v2\/types\/post"}],"author":[{"embeddable":true,"href":"http:\/\/www.nngg.org\/index.php\/wp-json\/wp\/v2\/users\/2"}],"replies":[{"embeddable":true,"href":"http:\/\/www.nngg.org\/index.php\/wp-json\/wp\/v2\/comments?post=781"}],"version-history":[{"count":1,"href":"http:\/\/www.nngg.org\/index.php\/wp-json\/wp\/v2\/posts\/781\/revisions"}],"predecessor-version":[{"id":784,"href":"http:\/\/www.nngg.org\/index.php\/wp-json\/wp\/v2\/posts\/781\/revisions\/784"}],"wp:attachment":[{"href":"http:\/\/www.nngg.org\/index.php\/wp-json\/wp\/v2\/media?parent=781"}],"wp:term":[{"taxonomy":"category","embeddable":true,"href":"http:\/\/www.nngg.org\/index.php\/wp-json\/wp\/v2\/categories?post=781"},{"taxonomy":"post_tag","embeddable":true,"href":"http:\/\/www.nngg.org\/index.php\/wp-json\/wp\/v2\/tags?post=781"}],"curies":[{"name":"wp","href":"https:\/\/api.w.org\/{rel}","templated":true}]}}