{"id":1663,"date":"2025-03-27T11:06:22","date_gmt":"2025-03-27T10:06:22","guid":{"rendered":"http:\/\/www.nngg.org\/?p=1663"},"modified":"2025-03-27T11:06:23","modified_gmt":"2025-03-27T10:06:23","slug":"interparlamentaria-joven","status":"publish","type":"post","link":"http:\/\/www.nngg.org\/index.php\/2025\/03\/27\/interparlamentaria-joven\/","title":{"rendered":"INTERPARLAMENTARIA JOVEN"},"content":{"rendered":"\n<figure class=\"wp-block-image aligncenter size-large\"><img fetchpriority=\"high\" fetchpriority=\"high\" decoding=\"async\" width=\"1024\" height=\"683\" src=\"http:\/\/www.nngg.org\/wp-content\/uploads\/2025\/03\/WhatsApp-Image-2025-03-22-at-16.49.53-1024x683.jpeg\" alt=\"\" class=\"wp-image-1664\" srcset=\"http:\/\/www.nngg.org\/wp-content\/uploads\/2025\/03\/WhatsApp-Image-2025-03-22-at-16.49.53-980x653.jpeg 980w, http:\/\/www.nngg.org\/wp-content\/uploads\/2025\/03\/WhatsApp-Image-2025-03-22-at-16.49.53-480x320.jpeg 480w\" sizes=\"(min-width: 0px) and (max-width: 480px) 480px, (min-width: 481px) and (max-width: 980px) 980px, (min-width: 981px) 1024px, 100vw\" \/><figcaption class=\"wp-element-caption\">La presidenta nacional de Nuevas Generaciones, Bea Fanjul, junto a los diputados j\u00f3venes que participaron.<\/figcaption><\/figure>\n\n\n\n<p>El pasado fin de semana celebramos en M\u00e9rida un encuentro sectorial enmarcado en la XXVII Interparlamentaria del Partido Popular que tendr\u00e1 lugar este fin de semana en Sevilla.<\/p>\n\n\n\n<p>En este encuentro contamos con la presencia de mas de veinticinco diputados j\u00f3venes, auton\u00f3micos y nacionales de toda Espa\u00f1a. Pudimos comparar las gestiones que hacen los Gobiernos del Partido Popular con los desprop\u00f3sitos que llevan a cabo los socialistas en sus territorios.<\/p>\n\n\n\n<p>Nos acompa\u00f1\u00f3 el presidente provincial del PP de Badajoz, Manuel Naharro, la Eurodiputada del Partido Popular Europeo, Elena Nevado, nuestro Presidente de Extremadura, Pedro Jos\u00e9 Gordillo, la Vicesecretaria de Movilizaci\u00f3n y Reto Digital, Noelia N\u00fa\u00f1ez y el Secre General del Partido Popular en Extremadura Abel Bautista.<\/p>\n\n\n\n<p>En la mesa de debate sobre juventud, desde Andaluc\u00eda, Catalu\u00f1a, Extremadura, Pa\u00eds Vasco, Galicia y Castilla y Le\u00f3n compartimos las experiencias de gobierno y oposici\u00f3n y lo beneficioso y necesario que es implementar pol\u00edticas para j\u00f3venes pensando y contando con ellos. Todos lo participantes coincidieron en que estamos en un momento de vital importancia, que puede marcar la vida de las nuevas y futuras generaciones, y para ello es imprescindible que las administraciones trabajen de la mano para abordar temas como la educaci\u00f3n, la vivienda, la financiaci\u00f3n justa, la okupaci\u00f3n o la libertad ling\u00fc\u00edstica. <\/p>\n\n\n\n<p>Disfrutamos de una gran acogida y una jornada de trabajo y aprendizaje para seguir luchando por un futuro mejor.<\/p>\n","protected":false},"excerpt":{"rendered":"<p>El pasado fin de semana celebramos en M\u00e9rida un encuentro sectorial enmarcado en la XXVII Interparlamentaria del Partido Popular que tendr\u00e1 lugar este fin de semana en Sevilla. En este encuentro contamos con la presencia de mas de veinticinco diputados j\u00f3venes, auton\u00f3micos y nacionales de toda Espa\u00f1a. Pudimos comparar las gestiones que hacen los Gobiernos [&hellip;]<\/p>\n","protected":false},"author":2,"featured_media":1665,"comment_status":"open","ping_status":"open","sticky":false,"template":"","format":"standard","meta":{"footnotes":""},"categories":[1],"tags":[],"class_list":["post-1663","post","type-post","status-publish","format-standard","has-post-thumbnail","hentry","category-nngg"],"_links":{"self":[{"href":"http:\/\/www.nngg.org\/index.php\/wp-json\/wp\/v2\/posts\/1663","targetHints":{"allow":["GET"]}}],"collection":[{"href":"http:\/\/www.nngg.org\/index.php\/wp-json\/wp\/v2\/posts"}],"about":[{"href":"http:\/\/www.nngg.org\/index.php\/wp-json\/wp\/v2\/types\/post"}],"author":[{"embeddable":true,"href":"http:\/\/www.nngg.org\/index.php\/wp-json\/wp\/v2\/users\/2"}],"replies":[{"embeddable":true,"href":"http:\/\/www.nngg.org\/index.php\/wp-json\/wp\/v2\/comments?post=1663"}],"version-history":[{"count":1,"href":"http:\/\/www.nngg.org\/index.php\/wp-json\/wp\/v2\/posts\/1663\/revisions"}],"predecessor-version":[{"id":1668,"href":"http:\/\/www.nngg.org\/index.php\/wp-json\/wp\/v2\/posts\/1663\/revisions\/1668"}],"wp:featuredmedia":[{"embeddable":true,"href":"http:\/\/www.nngg.org\/index.php\/wp-json\/wp\/v2\/media\/1665"}],"wp:attachment":[{"href":"http:\/\/www.nngg.org\/index.php\/wp-json\/wp\/v2\/media?parent=1663"}],"wp:term":[{"taxonomy":"category","embeddable":true,"href":"http:\/\/www.nngg.org\/index.php\/wp-json\/wp\/v2\/categories?post=1663"},{"taxonomy":"post_tag","embeddable":true,"href":"http:\/\/www.nngg.org\/index.php\/wp-json\/wp\/v2\/tags?post=1663"}],"curies":[{"name":"wp","href":"https:\/\/api.w.org\/{rel}","templated":true}]}}