{"id":1612,"date":"2025-02-03T10:25:44","date_gmt":"2025-02-03T09:25:44","guid":{"rendered":"http:\/\/www.nngg.org\/?p=1612"},"modified":"2025-02-03T10:32:53","modified_gmt":"2025-02-03T09:32:53","slug":"nuevas-generaciones-se-reune-con-the-family-watch","status":"publish","type":"post","link":"http:\/\/www.nngg.org\/index.php\/2025\/02\/03\/nuevas-generaciones-se-reune-con-the-family-watch\/","title":{"rendered":"NUEVAS GENERACIONES SE REUNE CON THE FAMILY WATCH"},"content":{"rendered":"\n<div class=\"et_d4_element et_pb_section et_pb_section_0  et_pb_css_mix_blend_mode et_section_regular et_block_section\" >\n\t\t\t\t\n\t\t\t\t\n\t\t\t\t\n\t\t\t\t\n\t\t\t\t\n\t\t\t\t\n\t\t\t\t<div class=\"et_d4_element et_pb_row et_pb_row_0  et_pb_css_mix_blend_mode et_block_row\">\n\t\t\t\t<div class=\"et_d4_element et_pb_column_4_4 et_pb_column et_pb_column_0  et_pb_css_mix_blend_mode et-last-child et_block_column\">\n\t\t\t\t\n\t\t\t\t\n\t\t\t\t\n\t\t\t\t\n\t\t\t\t<div class=\"et_pb_module et_d4_element et_pb_text et_pb_text_0  et_pb_text_align_left et_pb_bg_layout_light\">\n\t\t\t\t\n\t\t\t\t\n\t\t\t\t\n\t\t\t\t\n\t\t\t\t<div class=\"et_pb_text_inner\"><!-- divi:image {\"id\":1613,\"sizeSlug\":\"large\",\"linkDestination\":\"none\",\"align\":\"center\"} -->\n<figure class=\"wp-block-image aligncenter size-large\"><img fetchpriority=\"high\" fetchpriority=\"high\" decoding=\"async\" width=\"1024\" height=\"768\" src=\"http:\/\/www.nngg.org\/wp-content\/uploads\/2025\/02\/NNGG-CON-THE-FAMILY-WATCH-1-1024x768.jpeg\" alt=\"\" class=\"wp-image-1613\" srcset=\"http:\/\/www.nngg.org\/wp-content\/uploads\/2025\/02\/NNGG-CON-THE-FAMILY-WATCH-1-980x735.jpeg 980w, http:\/\/www.nngg.org\/wp-content\/uploads\/2025\/02\/NNGG-CON-THE-FAMILY-WATCH-1-480x360.jpeg 480w\" sizes=\"(min-width: 0px) and (max-width: 480px) 480px, (min-width: 481px) and (max-width: 980px) 980px, (min-width: 981px) 1024px, 100vw\" \/><\/figure>\n<!-- \/divi:image -->\n\n<!-- divi:paragraph -->\n<p>La semana pasada nos reunimos con The Family Watch, un think tank internacional dedicado a la promoci\u00f3n del papel de a familia como base de la sociedad. Realiza estudios, investigaciones y eventos para influir en pol\u00edticas p\u00fablicas y mejorar la calidad de vida de las familias. Su enfoque se centra en los valores de la familia, la protecci\u00f3n de la infancia y el fortalecimiento de la estructura familiar.<\/p>\n<!-- \/divi:paragraph -->\n\n<!-- divi:paragraph -->\n<p>Con ellos pudimos compartir y analizar su XIV BAROMETRO DE LAS FAMILIAS EN ESPA\u00d1A, un informe que realizan de forma anual en el que se pone de manifiesto la visi\u00f3n de la sociedad espa\u00f1ola sobre las familias y las prioridades generales de los ciudadanos. Sacamos conclusiones como que, a diferencia de otros bar\u00f3metros, este a\u00f1o se ha detectado la baja prioridad de los j\u00f3venes para formar una familia, o como las redes sociales influyen en la visi\u00f3n que tenemos de la sociedad actual.<\/p>\n<!-- \/divi:paragraph -->\n\n<!-- divi:paragraph -->\n<p>Compartieron con nosotros la necesidad de fomentar medidas de conciliaci\u00f3n, tan importantes como las que presentamos en el Congreso de los Diputados mediante una Proposici\u00f3n de Ley de Conciliaci\u00f3n y Corresponsabilidad Familiar el pasado mes de enero de 2024, en la que propon\u00edamos medidas tan necesarias como la ampliaci\u00f3n hasta 24 semanas del permiso de paternidad para las familias monoparentales.<\/p>\n<!-- \/divi:paragraph -->\n\n<!-- divi:paragraph -->\n<p>Encontramos el acuerdo cuando expresamos la preocupaci\u00f3n que tenemos por la baja natalidad en Espa\u00f1a. Esto puede generar, no solo el invierno demogr\u00e1fico, del que tanto desde Nuevas Generaciones como desde el Partido Popular llevamos advirtiendo a\u00f1os, sino tambi\u00e9n una situaci\u00f3n social muy perjudicada en lo que a los cuidados intergeneracionales se refiere.<\/p>\n<!-- \/divi:paragraph -->\n\n<!-- divi:paragraph -->\n<p>Desde Nuevas Generaciones, consideramos que la familia es una instituci\u00f3n clave para todos los ciudadanos, un pilar fundamental para nuestro pa\u00eds y que tiene que ser fomentada y cuidada como tal.<\/p>\n<!-- \/divi:paragraph --><\/div>\n\t\t\t<\/div>\n\t\t\t<\/div>\n\t\t\t\t\n\t\t\t\t\n\t\t\t\t\n\t\t\t\t\n\t\t\t<\/div>\n\t\t\t\t\n\t\t\t\t\n\t\t\t<\/div>\n","protected":false},"excerpt":{"rendered":"","protected":false},"author":2,"featured_media":1613,"comment_status":"open","ping_status":"open","sticky":false,"template":"","format":"standard","meta":{"_et_pb_use_builder":"on","_et_pb_old_content":"<!-- wp:image {\"id\":1613,\"sizeSlug\":\"large\",\"linkDestination\":\"none\",\"align\":\"center\"} -->\n<figure class=\"wp-block-image aligncenter size-large\"><img src=\"http:\/\/www.nngg.org\/wp-content\/uploads\/2025\/02\/NNGG-CON-THE-FAMILY-WATCH-1-1024x768.jpeg\" alt=\"\" class=\"wp-image-1613\"\/><\/figure>\n<!-- \/wp:image -->\n\n<!-- wp:paragraph -->\n<p>La semana pasada nos reunimos con The Family Watch, un think tank internacional dedicado a la promoci\u00f3n del papel de a familia como base de la sociedad. Realiza estudios, investigaciones y eventos para influir en pol\u00edticas p\u00fablicas y mejorar la calidad de vida de las familias. Su enfoque se centra en los valores de la familia, la protecci\u00f3n de la infancia y el fortalecimiento de la estructura familiar.<\/p>\n<!-- \/wp:paragraph -->\n\n<!-- wp:paragraph -->\n<p>Con ellos pudimos compartir y analizar su XIV BAROMETRO DE LAS FAMILIAS EN ESPA\u00d1A, un informe que realizan de forma anual en el que se pone de manifiesto la visi\u00f3n de la sociedad espa\u00f1ola sobre las familias y las prioridades generales de los ciudadanos. Sacamos conclusiones como que, a diferencia de otros bar\u00f3metros, este a\u00f1o se ha detectado la baja prioridad de los j\u00f3venes para formar una familia, o como las redes sociales influyen en la visi\u00f3n que tenemos de la sociedad actual.<\/p>\n<!-- \/wp:paragraph -->\n\n<!-- wp:paragraph -->\n<p>Compartieron con nosotros la necesidad de fomentar medidas de conciliaci\u00f3n, tan importantes como las que presentamos en el Congreso de los Diputados mediante una Proposici\u00f3n de Ley de Conciliaci\u00f3n y Corresponsabilidad Familiar el pasado mes de enero de 2024, en la que propon\u00edamos medidas tan necesarias como la ampliaci\u00f3n hasta 24 semanas del permiso de paternidad para las familias monoparentales.<\/p>\n<!-- \/wp:paragraph -->\n\n<!-- wp:paragraph -->\n<p>Encontramos el acuerdo cuando expresamos la preocupaci\u00f3n que tenemos por la baja natalidad en Espa\u00f1a. Esto puede generar, no solo el invierno demogr\u00e1fico, del que tanto desde Nuevas Generaciones como desde el Partido Popular llevamos advirtiendo a\u00f1os, sino tambi\u00e9n una situaci\u00f3n social muy perjudicada en lo que a los cuidados intergeneracionales se refiere.<\/p>\n<!-- \/wp:paragraph -->\n\n<!-- wp:paragraph -->\n<p>Desde Nuevas Generaciones, consideramos que la familia es una instituci\u00f3n clave para todos los ciudadanos, un pilar fundamental para nuestro pa\u00eds y que tiene que ser fomentada y cuidada como tal.<\/p>\n<!-- \/wp:paragraph -->","_et_gb_content_width":"","footnotes":""},"categories":[1],"tags":[],"class_list":["post-1612","post","type-post","status-publish","format-standard","has-post-thumbnail","hentry","category-nngg"],"_links":{"self":[{"href":"http:\/\/www.nngg.org\/index.php\/wp-json\/wp\/v2\/posts\/1612","targetHints":{"allow":["GET"]}}],"collection":[{"href":"http:\/\/www.nngg.org\/index.php\/wp-json\/wp\/v2\/posts"}],"about":[{"href":"http:\/\/www.nngg.org\/index.php\/wp-json\/wp\/v2\/types\/post"}],"author":[{"embeddable":true,"href":"http:\/\/www.nngg.org\/index.php\/wp-json\/wp\/v2\/users\/2"}],"replies":[{"embeddable":true,"href":"http:\/\/www.nngg.org\/index.php\/wp-json\/wp\/v2\/comments?post=1612"}],"version-history":[{"count":4,"href":"http:\/\/www.nngg.org\/index.php\/wp-json\/wp\/v2\/posts\/1612\/revisions"}],"predecessor-version":[{"id":1618,"href":"http:\/\/www.nngg.org\/index.php\/wp-json\/wp\/v2\/posts\/1612\/revisions\/1618"}],"wp:featuredmedia":[{"embeddable":true,"href":"http:\/\/www.nngg.org\/index.php\/wp-json\/wp\/v2\/media\/1613"}],"wp:attachment":[{"href":"http:\/\/www.nngg.org\/index.php\/wp-json\/wp\/v2\/media?parent=1612"}],"wp:term":[{"taxonomy":"category","embeddable":true,"href":"http:\/\/www.nngg.org\/index.php\/wp-json\/wp\/v2\/categories?post=1612"},{"taxonomy":"post_tag","embeddable":true,"href":"http:\/\/www.nngg.org\/index.php\/wp-json\/wp\/v2\/tags?post=1612"}],"curies":[{"name":"wp","href":"https:\/\/api.w.org\/{rel}","templated":true}]}}