{"id":1529,"date":"2023-10-19T13:08:01","date_gmt":"2023-10-19T12:08:01","guid":{"rendered":"http:\/\/www.nngg.org\/?p=1529"},"modified":"2023-11-21T16:51:17","modified_gmt":"2023-11-21T15:51:17","slug":"manifiesto-del-partido-popular-en-el-dia-mundial-contra-el-cancer-de-mama","status":"publish","type":"post","link":"http:\/\/www.nngg.org\/index.php\/2023\/10\/19\/manifiesto-del-partido-popular-en-el-dia-mundial-contra-el-cancer-de-mama\/","title":{"rendered":"Manifiesto del Partido Popular en el D\u00eda Mundial contra el c\u00e1ncer de mama"},"content":{"rendered":"\n<p><em>Madrid, 19&nbsp;de octubre de 2023<\/em><\/p>\n\n\n\n<p>Hoy, 19 de octubre, unimos nuestra voz a todos aquellos que conmemoran el D\u00eda Mundial contra el C\u00e1ncer de Mama, teniendo muy presentes, especialmente, a quienes enfrentan esta batalla, a quienes la han enfrentado y a los profesionales sanitarios, que les acompa\u00f1an en ese camino.<\/p>\n\n\n\n<p>El c\u00e1ncer de mama es el m\u00e1s prevalente a escala mundial, con 2,26 millones de diagn\u00f3sticos cada a\u00f1o. En Espa\u00f1a, son m\u00e1s de 34.000 las personas que han sido diagnosticadas este a\u00f1o, principalmente mujeres, aunque no olvidemos que tambi\u00e9n afecta a hombres.<\/p>\n\n\n\n<p>El c\u00e1ncer de mama es responsable del 6,9% de fallecimientos en el mundo. En Espa\u00f1a, la incidencia del c\u00e1ncer de mama ha crecido, pasando de 100 casos por cada 100.000 habitantes en 2001 a 144 casos en la actualidad; el a\u00f1o 2022 cerr\u00f3 con la cifra de 6.608 fallecimientos, especialmente femeninos, a causa de esta enfermedad.<\/p>\n\n\n\n<p>En Espa\u00f1a la tasa de supervivencia ha crecido notablemente, superando los 10 a\u00f1os en el 86% de los casos en c\u00e1ncer de mama invasivo no metast\u00e1sico y del 99% a 5 a\u00f1os si el c\u00e1ncer de mama invasivo se encuentra solo en la mama.<\/p>\n\n\n\n<p>La ciencia y la medicina han avanzado enormemente a lo largo de los \u00faltimos a\u00f1os. La promoci\u00f3n de la salud y prevenci\u00f3n son factores esenciales en la lucha contra el c\u00e1ncer de mama y los diagn\u00f3sticos m\u00e1s tempranos y tratamientos integrales y personalizados nos permiten aumentar la esperanza de vida y mejorar las condiciones de vida de las personas afectadas. La vulnerabilidad frente al c\u00e1ncer de mama disminuye gracias a estos esfuerzos y a la tenacidad de aquellos que luchan en primera l\u00ednea contra la enfermedad.<\/p>\n\n\n\n<p>Desde todas las administraciones p\u00fablicas debemos implementar campa\u00f1as de concienciaci\u00f3n sobre la importancia de las revisiones peri\u00f3dicas, conocer las t\u00e9cnicas de autoexploraci\u00f3n mamaria y la mamograf\u00eda; medidas todas fundamentales para poder detectarlo a tiempo. El diagn\u00f3stico precoz es vital pues de \u00e9l dependen las posibilidades de curaci\u00f3n, que pueden ser del 100% si se detecta a tiempo.<\/p>\n\n\n\n<p>Este tipo de c\u00e1ncer no solo afecta a la salud f\u00edsica; tambi\u00e9n deja su implacable huella y se extiende al \u00e1mbito emocional, familiar, econ\u00f3mico y laboral.<\/p>\n\n\n\n<p>La herramienta m\u00e1s potente en la lucha contra el c\u00e1ncer de mama es la investigaci\u00f3n. Los avances en terapias avanzadas y estudios gen\u00e9ticos prometen un futuro m\u00e1s esperanzador para quienes combaten esta enfermedad. No cejaremos hasta que encontremos una soluci\u00f3n definitiva.<\/p>\n\n\n\n<p>Toda la sociedad debe estar unida en la b\u00fasqueda de soluciones, en la solidaridad con las personas afectadas y en el apoyo a los profesionales sanitarios.<\/p>\n\n\n\n<p>Nuestro Sistema Nacional de Salud debe garantizar el acceso a las \u00faltimas terapias y apoyos para cada paciente, independientemente de d\u00f3nde se encuentren. Trabajemos conjuntamente con pacientes y profesionales sanitarios, dentro del marco del Plan europeo de lucha contra el c\u00e1ncer, para reducir la prevalencia de esta enfermedad y garantizar que todas las personas tengan acceso a las atenciones m\u00e1s avanzadas.<\/p>\n\n\n\n<p>Adem\u00e1s, nos reafirmamos en el apoyo, especialmente psicol\u00f3gico y social, para las familias de los pacientes, acompa\u00f1\u00e1ndolos en cada paso de este viaje.<\/p>\n\n\n\n<p>Finalmente, nuestro reconocimiento y homenaje a los profesionales sanitarios, cuya dedicaci\u00f3n y entrega son pilares en la lucha contra el c\u00e1ncer de mama. Tenemos un compromiso inquebrantable con la investigaci\u00f3n biom\u00e9dica y nuestro apoyo y colaboraci\u00f3n constante a las asociaciones y colectivos que realizan una labor insustituible tanto con las personas afectadas por el c\u00e1ncer de mama como con sus familias.<\/p>\n\n\n\n<p><\/p>\n\n\n\n<p><\/p>\n\n\n\n<div class=\"wp-block-buttons is-content-justification-space-between is-layout-flex wp-container-core-buttons-is-layout-e1f24697 wp-block-buttons-is-layout-flex\">\n<div class=\"wp-block-button\"><a class=\"wp-block-button__link has-text-align-center wp-element-button\" href=\"http:\/\/www.nngg.org\/wp-content\/uploads\/2023\/10\/23.10.19_manifiesto_cancer_de_mama-1.pdf\"><strong>Manifiesto por el D\u00eda Mundial contra el c\u00e1ncer de mama<\/strong><\/a><\/div>\n<\/div>\n","protected":false},"excerpt":{"rendered":"<p>Madrid, 19&nbsp;de octubre de 2023 Hoy, 19 de octubre, unimos nuestra voz a todos aquellos que conmemoran el D\u00eda Mundial contra el C\u00e1ncer de Mama, teniendo muy presentes, especialmente, a quienes enfrentan esta batalla, a quienes la han enfrentado y a los profesionales sanitarios, que les acompa\u00f1an en ese camino. El c\u00e1ncer de mama es [&hellip;]<\/p>\n","protected":false},"author":2,"featured_media":1542,"comment_status":"closed","ping_status":"closed","sticky":false,"template":"","format":"standard","meta":{"footnotes":""},"categories":[1,17],"tags":[],"class_list":["post-1529","post","type-post","status-publish","format-standard","has-post-thumbnail","hentry","category-nngg","category-pp"],"_links":{"self":[{"href":"http:\/\/www.nngg.org\/index.php\/wp-json\/wp\/v2\/posts\/1529","targetHints":{"allow":["GET"]}}],"collection":[{"href":"http:\/\/www.nngg.org\/index.php\/wp-json\/wp\/v2\/posts"}],"about":[{"href":"http:\/\/www.nngg.org\/index.php\/wp-json\/wp\/v2\/types\/post"}],"author":[{"embeddable":true,"href":"http:\/\/www.nngg.org\/index.php\/wp-json\/wp\/v2\/users\/2"}],"replies":[{"embeddable":true,"href":"http:\/\/www.nngg.org\/index.php\/wp-json\/wp\/v2\/comments?post=1529"}],"version-history":[{"count":14,"href":"http:\/\/www.nngg.org\/index.php\/wp-json\/wp\/v2\/posts\/1529\/revisions"}],"predecessor-version":[{"id":1560,"href":"http:\/\/www.nngg.org\/index.php\/wp-json\/wp\/v2\/posts\/1529\/revisions\/1560"}],"wp:featuredmedia":[{"embeddable":true,"href":"http:\/\/www.nngg.org\/index.php\/wp-json\/wp\/v2\/media\/1542"}],"wp:attachment":[{"href":"http:\/\/www.nngg.org\/index.php\/wp-json\/wp\/v2\/media?parent=1529"}],"wp:term":[{"taxonomy":"category","embeddable":true,"href":"http:\/\/www.nngg.org\/index.php\/wp-json\/wp\/v2\/categories?post=1529"},{"taxonomy":"post_tag","embeddable":true,"href":"http:\/\/www.nngg.org\/index.php\/wp-json\/wp\/v2\/tags?post=1529"}],"curies":[{"name":"wp","href":"https:\/\/api.w.org\/{rel}","templated":true}]}}