{"id":1520,"date":"2023-06-23T11:09:11","date_gmt":"2023-06-23T10:09:11","guid":{"rendered":"http:\/\/www.nngg.org\/?p=1520"},"modified":"2023-10-19T11:09:39","modified_gmt":"2023-10-19T10:09:39","slug":"edelmira-ferri-nngg-reelegida-vicepresidenta-de-yepp","status":"publish","type":"post","link":"http:\/\/www.nngg.org\/index.php\/2023\/06\/23\/edelmira-ferri-nngg-reelegida-vicepresidenta-de-yepp\/","title":{"rendered":"Edelmira Ferri (NNGG) reelegida vicepresidenta de YEPP"},"content":{"rendered":"\n<p><em>Braga, 20 de junio de 2023<\/em><\/p>\n\n\n\n<p>Durante el XIV Congreso de YEPP celebrado en Braga, Portugal, Edelmira Ferri, miembro del Comit\u00e9 de Direcci\u00f3n Nacional de NNGG, ha sido reelegida como vicepresidenta de la organizaci\u00f3n con m\u00e1s del 80% de los votos emitidos.<\/p>\n\n\n\n<p>YEPP, fundada en 1997, es la organizaci\u00f3n juvenil del Partido Popular Europeo y agrupa a 63 organizaciones pol\u00edticas juveniles de centro-derecha de 39 pa\u00edses de toda Europa. El XIV Congreso de YEPP, que se llevo a cabo bajo el lema \u00abThe road ahead: fit for 2024\u00bb, renov\u00f3 su Ejecutiva para el periodo 2023-2025.<\/p>\n\n\n\n<p>Lidia Pereira, Eurodiputada en el Parlamento Europeo por el PSD, fue reelegida para dirigir la organizaci\u00f3n durante los pr\u00f3ximos dos a\u00f1os, confirmando as\u00ed la confianza de YEPP en su liderazgo.&nbsp;<\/p>\n\n\n\n<p>Edelmira Ferri, actualmente miembro del Comit\u00e9 de Direcci\u00f3n Nacional de NNGG, siendo la responsable del \u00e1rea de Acci\u00f3n Internacional y contando con m\u00e1s de 10 a\u00f1os de experiencia internacional.&nbsp;<\/p>\n\n\n\n<p>Ferri destaco durante su intervenci\u00f3n \u00abcreo en YEPP y en su gran potencial, en nuestra capacidad para seguir siendo la primera fuerza pol\u00edtica de Europa en las pr\u00f3ximas elecciones, pero tambi\u00e9n en nuestra capacidad para extender nuestras relaciones mucho m\u00e1s all\u00e1 de nuestras propias fronteras\u00bb.<\/p>\n\n\n\n<p>NNGG estuvo representada por una delegaci\u00f3n de m\u00e1s de ocho personas liderada por el secretario general de la organizaci\u00f3n y presidente honorario de EDS, Carlo Angrisano.<\/p>\n\n\n\n<p>El Congreso cont\u00f3 con la participaci\u00f3n de destacados l\u00edderes del Partido Popular Europeo, incluyendo a la presidenta de la Comisi\u00f3n Europea, Ursula von der Leyen, la presidenta del parlamento europeo, Roberto Mesola y al vicepresidente y comisario europeo, Margaritis Schinas, quienes compartieron sus visiones y perspectivas sobre el futuro de Europa.&nbsp;<\/p>\n\n\n\n<p><\/p>\n\n\n\n<p><\/p>\n\n\n\n<p><\/p>\n\n\n\n<p><\/p>\n","protected":false},"excerpt":{"rendered":"<p>Braga, 20 de junio de 2023 Durante el XIV Congreso de YEPP celebrado en Braga, Portugal, Edelmira Ferri, miembro del Comit\u00e9 de Direcci\u00f3n Nacional de NNGG, ha sido reelegida como vicepresidenta de la organizaci\u00f3n con m\u00e1s del 80% de los votos emitidos. YEPP, fundada en 1997, es la organizaci\u00f3n juvenil del Partido Popular Europeo y [&hellip;]<\/p>\n","protected":false},"author":2,"featured_media":1482,"comment_status":"closed","ping_status":"closed","sticky":false,"template":"","format":"standard","meta":{"footnotes":""},"categories":[13,1],"tags":[7],"class_list":["post-1520","post","type-post","status-publish","format-standard","has-post-thumbnail","hentry","category-miguel-angel-sastre","category-nngg","tag-miguel-angel-sastre"],"_links":{"self":[{"href":"http:\/\/www.nngg.org\/index.php\/wp-json\/wp\/v2\/posts\/1520","targetHints":{"allow":["GET"]}}],"collection":[{"href":"http:\/\/www.nngg.org\/index.php\/wp-json\/wp\/v2\/posts"}],"about":[{"href":"http:\/\/www.nngg.org\/index.php\/wp-json\/wp\/v2\/types\/post"}],"author":[{"embeddable":true,"href":"http:\/\/www.nngg.org\/index.php\/wp-json\/wp\/v2\/users\/2"}],"replies":[{"embeddable":true,"href":"http:\/\/www.nngg.org\/index.php\/wp-json\/wp\/v2\/comments?post=1520"}],"version-history":[{"count":2,"href":"http:\/\/www.nngg.org\/index.php\/wp-json\/wp\/v2\/posts\/1520\/revisions"}],"predecessor-version":[{"id":1522,"href":"http:\/\/www.nngg.org\/index.php\/wp-json\/wp\/v2\/posts\/1520\/revisions\/1522"}],"wp:featuredmedia":[{"embeddable":true,"href":"http:\/\/www.nngg.org\/index.php\/wp-json\/wp\/v2\/media\/1482"}],"wp:attachment":[{"href":"http:\/\/www.nngg.org\/index.php\/wp-json\/wp\/v2\/media?parent=1520"}],"wp:term":[{"taxonomy":"category","embeddable":true,"href":"http:\/\/www.nngg.org\/index.php\/wp-json\/wp\/v2\/categories?post=1520"},{"taxonomy":"post_tag","embeddable":true,"href":"http:\/\/www.nngg.org\/index.php\/wp-json\/wp\/v2\/tags?post=1520"}],"curies":[{"name":"wp","href":"https:\/\/api.w.org\/{rel}","templated":true}]}}