{"id":1514,"date":"2023-10-06T11:00:31","date_gmt":"2023-10-06T10:00:31","guid":{"rendered":"http:\/\/www.nngg.org\/?p=1514"},"modified":"2023-11-21T16:51:25","modified_gmt":"2023-11-21T15:51:25","slug":"reunion-con-aealcee-para-hablar-sobre-el-estatuto-del-becario","status":"publish","type":"post","link":"http:\/\/www.nngg.org\/index.php\/2023\/10\/06\/reunion-con-aealcee-para-hablar-sobre-el-estatuto-del-becario\/","title":{"rendered":"Reuni\u00f3n con AEALCEE para hablar sobre el Estatuto del Becario"},"content":{"rendered":"\n<p><em>Madrid, 6\u00a0de octubre de 2023<\/em><\/p>\n\n\n\n<p><strong>NNGG contin\u00faa las conversaciones para conseguir la aprobaci\u00f3n del Estatuto del Becario tras el abandono del Ejecutivo actual.<\/strong><\/p>\n\n\n\n<p>NNGG se reuni\u00f3 ayer con la Asociaci\u00f3n Espa\u00f1ola de Alumnos de Ciencias Econ\u00f3micas y Empresariales (AEALCEE) para tratar diferentes temas que afectan a los estudiantes universitarios de Ciencias Econ\u00f3micas y Empresariales de toda Espa\u00f1a. Especialmente la reuni\u00f3n tuvo como asunto fundamental de trabajo el Estatuto del Becario que deber\u00eda aprobarse durante la presente legislatura, tras la negativa del Gobierno central, que ahora se encuentra en funciones, de hacerlo durante la pasada.<\/p>\n\n\n\n<p>Durante la reuni\u00f3n, Nuevas Generaciones ha presentado el avance del documento en el que ha estado trabajando en los \u00faltimos meses y cuyas l\u00edneas fundamentales son:<\/p>\n\n\n\n<ul class=\"wp-block-list\">\n<li>Apostar por la cultura del incentivo a las empresas para que les sea atractiva la incorporaci\u00f3n de becarios a sus plantillas, y su posterior contrataci\u00f3n.<\/li>\n\n\n\n<li>Lograr el objetivo de que las pr\u00e1cticas sirvan realmente como formaci\u00f3n complementaria a los conocimientos adquiridos en la Universidad, y que sean el \u00faltimo e imprescindible paso hacia la salida plena al mercado laboral.<\/li>\n\n\n\n<li>Buscar soluciones para que las pr\u00e1cticas no supongan coste econ\u00f3mico para el alumno que las est\u00e1 cursando, pero tampoco conlleve un excesivo coste a\u00f1adido para las empresas.<\/li>\n\n\n\n<li>Poner especial atenci\u00f3n a los j\u00f3venes que quieren hacer pr\u00e1cticas y viven en zonas de baja densidad demogr\u00e1fica o en el medio rural, en los que la oferta es mucho menor que en las grandes ciudades.<\/li>\n<\/ul>\n\n\n\n<p>Desde la AEALCEE han reivindicado la importancia de que la norma garantice una mayor oferta de pr\u00e1cticas en empresas, tras la comprobaci\u00f3n de que en determinados territorios la demanda por parte del alumnado supera con creces la oferta existente. Nos han trasladado, tambi\u00e9n, \u201cque hay que garantizar que todo aquel alumno que quiera cursar unas pr\u00e1cticas, tenga la oportunidad de hacerlas\u201d.<\/p>\n\n\n\n<p>Para conseguir esos objetivos, es imprescindible que esta norma incorpore la opini\u00f3n, no solo de los sindicatos, sino tambi\u00e9n de los agentes empresariales -CEOE, CEPYME, ATA- los cuales no fueron invitados a sentarse en la mesa de las negociaciones de este Estatuto, por parte de los Ministerios de Trabajo y de Universidades.<\/p>\n\n\n\n<p>Desde Nuevas Generaciones Espa\u00f1a, nos sumamos a las reivindicaciones de la AEALCEE que encajan con nuestro prop\u00f3sito de desarrollar pol\u00edticas que garanticen que los j\u00f3venes tengan oportunidades para emprender un proyecto de vida en libertad y mostramos nuestro compromiso a asistir al LII Congreso Nacional que se celebrar\u00e1 en Alicante, entre los d\u00edas 8 y 12 de noviembre, y en el que debatir\u00e1n y aprobar\u00e1n una resoluci\u00f3n respecto a este tema.<\/p>\n\n\n\n<p>A la reuni\u00f3n asistieron, por parte de Nuevas Generaciones, el Coordinador General y Diputado nacional en el Congreso, Miguel \u00c1ngel Sastre Uy\u00e1; as\u00ed como el Responsable Nacional de Acci\u00f3n Acad\u00e9mica, Juan Gonz\u00e1lez-Ripoll.<\/p>\n\n\n\n<p>Por parte de la AEALCEE, asistieron Carlos Lari\u00f1o, Presidente; Ang\u00e9lica Longobardo, Secretaria General; Roc\u00edo Navarro, Vicepresidenta; y Daniel Nieto, Tesorero.<\/p>\n\n\n\n<p><\/p>\n\n\n\n<p><\/p>\n\n\n\n<p><\/p>\n\n\n\n<p><\/p>\n","protected":false},"excerpt":{"rendered":"<p>Madrid, 6\u00a0de octubre de 2023 NNGG contin\u00faa las conversaciones para conseguir la aprobaci\u00f3n del Estatuto del Becario tras el abandono del Ejecutivo actual. NNGG se reuni\u00f3 ayer con la Asociaci\u00f3n Espa\u00f1ola de Alumnos de Ciencias Econ\u00f3micas y Empresariales (AEALCEE) para tratar diferentes temas que afectan a los estudiantes universitarios de Ciencias Econ\u00f3micas y Empresariales de [&hellip;]<\/p>\n","protected":false},"author":2,"featured_media":1512,"comment_status":"closed","ping_status":"closed","sticky":false,"template":"","format":"standard","meta":{"footnotes":""},"categories":[13,1],"tags":[],"class_list":["post-1514","post","type-post","status-publish","format-standard","has-post-thumbnail","hentry","category-miguel-angel-sastre","category-nngg"],"_links":{"self":[{"href":"http:\/\/www.nngg.org\/index.php\/wp-json\/wp\/v2\/posts\/1514","targetHints":{"allow":["GET"]}}],"collection":[{"href":"http:\/\/www.nngg.org\/index.php\/wp-json\/wp\/v2\/posts"}],"about":[{"href":"http:\/\/www.nngg.org\/index.php\/wp-json\/wp\/v2\/types\/post"}],"author":[{"embeddable":true,"href":"http:\/\/www.nngg.org\/index.php\/wp-json\/wp\/v2\/users\/2"}],"replies":[{"embeddable":true,"href":"http:\/\/www.nngg.org\/index.php\/wp-json\/wp\/v2\/comments?post=1514"}],"version-history":[{"count":2,"href":"http:\/\/www.nngg.org\/index.php\/wp-json\/wp\/v2\/posts\/1514\/revisions"}],"predecessor-version":[{"id":1516,"href":"http:\/\/www.nngg.org\/index.php\/wp-json\/wp\/v2\/posts\/1514\/revisions\/1516"}],"wp:featuredmedia":[{"embeddable":true,"href":"http:\/\/www.nngg.org\/index.php\/wp-json\/wp\/v2\/media\/1512"}],"wp:attachment":[{"href":"http:\/\/www.nngg.org\/index.php\/wp-json\/wp\/v2\/media?parent=1514"}],"wp:term":[{"taxonomy":"category","embeddable":true,"href":"http:\/\/www.nngg.org\/index.php\/wp-json\/wp\/v2\/categories?post=1514"},{"taxonomy":"post_tag","embeddable":true,"href":"http:\/\/www.nngg.org\/index.php\/wp-json\/wp\/v2\/tags?post=1514"}],"curies":[{"name":"wp","href":"https:\/\/api.w.org\/{rel}","templated":true}]}}