{"id":1390,"date":"2023-04-02T13:10:41","date_gmt":"2023-04-02T12:10:41","guid":{"rendered":"http:\/\/www.nngg.org\/?p=1390"},"modified":"2023-04-10T09:37:01","modified_gmt":"2023-04-10T08:37:01","slug":"xi-congreso-autonomico-nngg-cantabria","status":"publish","type":"post","link":"http:\/\/www.nngg.org\/index.php\/2023\/04\/02\/xi-congreso-autonomico-nngg-cantabria\/","title":{"rendered":"XI Congreso Auton\u00f3mico NNGG Cantabria"},"content":{"rendered":"\t\t<div data-elementor-type=\"wp-post\" data-elementor-id=\"1390\" class=\"elementor elementor-1390\">\n\t\t\t\t\t\t<section class=\"elementor-section elementor-top-section elementor-element elementor-element-7e5d6310 elementor-section-boxed elementor-section-height-default elementor-section-height-default\" data-id=\"7e5d6310\" data-element_type=\"section\" data-e-type=\"section\">\n\t\t\t\t\t\t<div class=\"elementor-container elementor-column-gap-default\">\n\t\t\t\t\t<div class=\"elementor-column elementor-col-100 elementor-top-column elementor-element elementor-element-1b789b2e\" data-id=\"1b789b2e\" data-element_type=\"column\" data-e-type=\"column\">\n\t\t\t<div class=\"elementor-widget-wrap elementor-element-populated\">\n\t\t\t\t\t\t<div class=\"elementor-element elementor-element-61b4e2d1 elementor-widget elementor-widget-text-editor\" data-id=\"61b4e2d1\" data-element_type=\"widget\" data-e-type=\"widget\" data-widget_type=\"text-editor.default\">\n\t\t\t\t<div class=\"elementor-widget-container\">\n\t\t\t\t\t\t\t\t\t<p><em style=\"font-size: 14px; color: var( --e-global-color-text ); font-family: var( --e-global-typography-text-font-family ), Sans-serif; font-weight: var( --e-global-typography-text-font-weight );\">Santander, 1 de abril de 2023<\/em><br><\/p>\n<p style=\"text-align:justify\">El pasado fin de semana, tuvo\nlugar en Santander el XI Congreso Auton\u00f3mico de NNGG Cantabria bajo el lema\n\u00abPor un futuro de oportunidades\u00bb. Despu\u00e9s de liderar la organizaci\u00f3n\ndurante diez a\u00f1os, Alvaro Aguirre, diputado auton\u00f3mico, cede su lugar a una\nnueva generaci\u00f3n de j\u00f3venes liderados por Miguel Collantes.<\/p><p style=\"text-align:justify\">Miguel Collantes, quien se\nconvierte en el nuevo presidente de la organizaci\u00f3n a nivel auton\u00f3mico. El\nequipo tiene como principal objetivo reconectar con los j\u00f3venes para frenar la\nfuga de talento por culpa de la mala gesti\u00f3n de Revilla y sus socios de\ngobierno.<\/p><p style=\"text-align:justify\">La elecci\u00f3n del nuevo equipo\nobtuvo un apoyo del 97,5% de los votos y cont\u00f3 con la presencia del secretario\ngeneral de NNGG, Carlo Angrisano, as\u00ed como la de la presidenta del PP c\u00e1ntabro,\nMar\u00eda Jos\u00e9 S\u00e1enz de Buruaga.<\/p><p style=\"text-align:justify\">Durante el congreso, el presidente\nsaliente destac\u00f3 el gran trabajo realizado por la organizaci\u00f3n durante los\n\u00faltimos a\u00f1os para reconectar con los j\u00f3venes y recoger sus ideas y aportaciones.\nAdem\u00e1s, agradeci\u00f3 a su secretaria general, Cintia Varela, por haber llevado la\norganizaci\u00f3n al lugar donde se encuentra hoy en d\u00eda.<\/p><p style=\"text-align:justify\">Por otro lado, la presidenta del\npartido a nivel auton\u00f3mico, Mar\u00eda Jos\u00e9 S\u00e1enz de Buruaga, afirm\u00f3 que debemos\nsentirnos orgullosos de nuestro partido y del legado que tenemos, esta ser\u00e1 la\ncarta de presentaci\u00f3n en las pr\u00f3ximas elecciones.<\/p><p style=\"text-align:justify\">Por \u00faltimo, Carlo Angrisano,\ntambi\u00e9n pidi\u00f3 a los j\u00f3venes que apoyen a los candidatos del PP en las pr\u00f3ximas\nelecciones municipales y auton\u00f3micas, ya que, es el momento de demostrar que tenemos\nel mejor proyecto para Espa\u00f1a y sus ciudadanos.&nbsp;<o:p><\/o:p><\/p>\n<p><!-- \/wp:paragraph --><\/p>\n<p><!-- wp:paragraph --><\/p>\n<p><!-- \/wp:paragraph --><\/p>\n<p><\/p>\n<p><!-- \/wp:image --><\/p>\t\t\t\t\t\t\t\t<\/div>\n\t\t\t\t<\/div>\n\t\t\t\t\t<\/div>\n\t\t<\/div>\n\t\t\t\t\t<\/div>\n\t\t<\/section>\n\t\t\t\t<\/div>\n\t\t","protected":false},"excerpt":{"rendered":"<p>Santander, 1 de abril de 2023 El pasado fin de semana, tuvo lugar en Santander el XI Congreso Auton\u00f3mico de NNGG Cantabria bajo el lema \u00abPor un futuro de oportunidades\u00bb. Despu\u00e9s de liderar la organizaci\u00f3n durante diez a\u00f1os, Alvaro Aguirre, diputado auton\u00f3mico, cede su lugar a una nueva generaci\u00f3n de j\u00f3venes liderados por Miguel Collantes. [&hellip;]<\/p>\n","protected":false},"author":2,"featured_media":1392,"comment_status":"closed","ping_status":"closed","sticky":false,"template":"","format":"standard","meta":{"footnotes":""},"categories":[12,1,17],"tags":[],"class_list":["post-1390","post","type-post","status-publish","format-standard","has-post-thumbnail","hentry","category-carlo-angrisano","category-nngg","category-pp"],"_links":{"self":[{"href":"http:\/\/www.nngg.org\/index.php\/wp-json\/wp\/v2\/posts\/1390","targetHints":{"allow":["GET"]}}],"collection":[{"href":"http:\/\/www.nngg.org\/index.php\/wp-json\/wp\/v2\/posts"}],"about":[{"href":"http:\/\/www.nngg.org\/index.php\/wp-json\/wp\/v2\/types\/post"}],"author":[{"embeddable":true,"href":"http:\/\/www.nngg.org\/index.php\/wp-json\/wp\/v2\/users\/2"}],"replies":[{"embeddable":true,"href":"http:\/\/www.nngg.org\/index.php\/wp-json\/wp\/v2\/comments?post=1390"}],"version-history":[{"count":11,"href":"http:\/\/www.nngg.org\/index.php\/wp-json\/wp\/v2\/posts\/1390\/revisions"}],"predecessor-version":[{"id":1404,"href":"http:\/\/www.nngg.org\/index.php\/wp-json\/wp\/v2\/posts\/1390\/revisions\/1404"}],"wp:featuredmedia":[{"embeddable":true,"href":"http:\/\/www.nngg.org\/index.php\/wp-json\/wp\/v2\/media\/1392"}],"wp:attachment":[{"href":"http:\/\/www.nngg.org\/index.php\/wp-json\/wp\/v2\/media?parent=1390"}],"wp:term":[{"taxonomy":"category","embeddable":true,"href":"http:\/\/www.nngg.org\/index.php\/wp-json\/wp\/v2\/categories?post=1390"},{"taxonomy":"post_tag","embeddable":true,"href":"http:\/\/www.nngg.org\/index.php\/wp-json\/wp\/v2\/tags?post=1390"}],"curies":[{"name":"wp","href":"https:\/\/api.w.org\/{rel}","templated":true}]}}