{"id":1339,"date":"2023-03-27T18:43:16","date_gmt":"2023-03-27T17:43:16","guid":{"rendered":"http:\/\/www.nngg.org\/?p=1339"},"modified":"2023-03-27T19:32:18","modified_gmt":"2023-03-27T18:32:18","slug":"xi-congreso-autonomico-nngg-castilla-y-leon","status":"publish","type":"post","link":"http:\/\/www.nngg.org\/index.php\/2023\/03\/27\/xi-congreso-autonomico-nngg-castilla-y-leon\/","title":{"rendered":"XI Congreso Auton\u00f3mico NNGG Castilla y Le\u00f3n"},"content":{"rendered":"\n<p><em>Valladolid, 25 de marzo de 2023<\/em><\/p>\n\n\n\n<p>Este fin de semana se ha celebrado en el Centro Cultural Miguel Delibes de Valladolid, el XI Congreso Auton\u00f3mico de NNGG Castilla y Le\u00f3n con el lema \u2018Un nuevo impulso\u2019. <\/p>\n\n\n\n<p>Tras diez a\u00f1os al frente de la organizaci\u00f3n, el diputado nacional, Eduardo Carazo, cierra su etapa para dar paso a una nueva generaci\u00f3n de j\u00f3venes liderados por Andrea Ballesteros Palacios, como presidenta de la organizaci\u00f3n a nivel auton\u00f3mico, y Gabriel Ramos Montalvo, como secretario general. El principal objetivo de este equipo es reconectar con los j\u00f3venes para frenar el exilio de talento en Castilla y Le\u00f3n. <\/p>\n\n\n\n<p>El nuevo equipo fue elegido con el 98,3% de los votos y durante el congreso pudieron acompa\u00f1arles cargos como Bea Fanjul, presidenta nacional de NNGG, Carlo Angrisano, secretario general nacional, el presidente auton\u00f3mico del partido, Alfonso Fern\u00e1ndez Ma\u00f1ueco, y el vicesecretario nacional de Organizaci\u00f3n de los populares, Miguel Tellado.<\/p>\n\n\n\n<p>La nueva presidenta, en su intervenci\u00f3n, destaco que \u00abhay una necesidad de reconectar con los j\u00f3venes, lo que nos obliga a recorrer todas las provincias para recoger sus ideas y aportaciones\u00bb. Tambi\u00e9n tuvo palabras de agradecimiento para su antecesor, Eduardo Carazo. \u00abHab\u00e9is tra\u00eddo el barco a buen puerto hasta donde hoy nos encontramos y vuelve a zarpar\u00bb. <\/p>\n\n\n\n<p>El vicesecretario de organizaci\u00f3n, Miguel Tellado aseguro que hay que sentirse tremendamente orgullosos del legado de Juan Vicente Herrera y de lo que hace ahora Ma\u00f1ueco. Es nuestra bandera electoral y nuestra carta de presentaci\u00f3n. Cuando gobernamos, lo hacemos bien y cuando nos equivocamos, pedimos perd\u00f3n. <\/p>\n\n\n\n<p>Alfonso Fern\u00e1ndez Ma\u00f1ueco manifiesto que a todos esos sanchistas quiero verles uno a uno pidiendo disculpas, por lo que est\u00e1 ocurriendo con la ley de s\u00ed es s\u00ed; si no, que se vayan de la pol\u00edtica\u00bb, reclam\u00f3. <\/p>\n\n\n\n<p>Por su parte, la presidenta nacional, Beatriz Fanjul, que tambi\u00e9n pidi\u00f3 a los j\u00f3venes que pisen el suelo y acompa\u00f1en a los candidatos del PP a las alcald\u00edas en las pr\u00f3ximas elecciones. <\/p>\n\n\n\n<p>Y es que record\u00f3 la importancia de los comicios de mayo porque muchos espa\u00f1oles sufren \u00abmucho\u00bb y se ven obligados a buscar las ofertas en los supermercados, no encender la calefacci\u00f3n o usar el transporte p\u00fablico ante la imposibilidad de utilizar su veh\u00edculo particular por el elevado precio de los carburantes. Pero tambi\u00e9n hizo referencia a los problemas que tienen los j\u00f3venes, sin oportunidades y a los que se le niega el futuro y el presente.<\/p>\n\n\n\n<p><\/p>\n\n\n\n<p><\/p>\n\n\n\n<p><\/p>\n\n\n\n<figure class=\"wp-block-image aligncenter size-large is-resized\"><img fetchpriority=\"high\" fetchpriority=\"high\" decoding=\"async\" src=\"http:\/\/www.nngg.org\/wp-content\/uploads\/2023\/03\/photo_2023-03-27_19-53-35-1024x768.jpg\" alt=\"\" class=\"wp-image-1343\" width=\"952\" height=\"714\"\/><\/figure>\n","protected":false},"excerpt":{"rendered":"<p>Valladolid, 25 de marzo de 2023 Este fin de semana se ha celebrado en el Centro Cultural Miguel Delibes de Valladolid, el XI Congreso Auton\u00f3mico de NNGG Castilla y Le\u00f3n con el lema \u2018Un nuevo impulso\u2019. Tras diez a\u00f1os al frente de la organizaci\u00f3n, el diputado nacional, Eduardo Carazo, cierra su etapa para dar paso [&hellip;]<\/p>\n","protected":false},"author":2,"featured_media":1340,"comment_status":"closed","ping_status":"closed","sticky":false,"template":"","format":"standard","meta":{"footnotes":""},"categories":[11,12,13,1,17],"tags":[],"class_list":["post-1339","post","type-post","status-publish","format-standard","has-post-thumbnail","hentry","category-bea-fanjul","category-carlo-angrisano","category-miguel-angel-sastre","category-nngg","category-pp"],"_links":{"self":[{"href":"http:\/\/www.nngg.org\/index.php\/wp-json\/wp\/v2\/posts\/1339","targetHints":{"allow":["GET"]}}],"collection":[{"href":"http:\/\/www.nngg.org\/index.php\/wp-json\/wp\/v2\/posts"}],"about":[{"href":"http:\/\/www.nngg.org\/index.php\/wp-json\/wp\/v2\/types\/post"}],"author":[{"embeddable":true,"href":"http:\/\/www.nngg.org\/index.php\/wp-json\/wp\/v2\/users\/2"}],"replies":[{"embeddable":true,"href":"http:\/\/www.nngg.org\/index.php\/wp-json\/wp\/v2\/comments?post=1339"}],"version-history":[{"count":6,"href":"http:\/\/www.nngg.org\/index.php\/wp-json\/wp\/v2\/posts\/1339\/revisions"}],"predecessor-version":[{"id":1350,"href":"http:\/\/www.nngg.org\/index.php\/wp-json\/wp\/v2\/posts\/1339\/revisions\/1350"}],"wp:featuredmedia":[{"embeddable":true,"href":"http:\/\/www.nngg.org\/index.php\/wp-json\/wp\/v2\/media\/1340"}],"wp:attachment":[{"href":"http:\/\/www.nngg.org\/index.php\/wp-json\/wp\/v2\/media?parent=1339"}],"wp:term":[{"taxonomy":"category","embeddable":true,"href":"http:\/\/www.nngg.org\/index.php\/wp-json\/wp\/v2\/categories?post=1339"},{"taxonomy":"post_tag","embeddable":true,"href":"http:\/\/www.nngg.org\/index.php\/wp-json\/wp\/v2\/tags?post=1339"}],"curies":[{"name":"wp","href":"https:\/\/api.w.org\/{rel}","templated":true}]}}