{"id":1298,"date":"2023-03-16T12:53:07","date_gmt":"2023-03-16T11:53:07","guid":{"rendered":"http:\/\/www.nngg.org\/?p=1298"},"modified":"2023-03-23T18:04:39","modified_gmt":"2023-03-23T17:04:39","slug":"nuevas-generaciones-lanza-el-ii-foro-nacional-de-vivienda","status":"publish","type":"post","link":"http:\/\/www.nngg.org\/index.php\/2023\/03\/16\/nuevas-generaciones-lanza-el-ii-foro-nacional-de-vivienda\/","title":{"rendered":"II Foro Nacional de Vivienda de NNGG"},"content":{"rendered":"\n<p><em>Huesca, 17&nbsp;de marzo de 2023<\/em><\/p>\n\n\n\n<p>El pasado viernes se dieron cita la capital oscense profesionales del sector, representantes de la sociedad civil y expertos para debatir sobre el acceso a la vivienda entre los j\u00f3venes dentro del II Foro Nacional de Vivienda que celebra NNGG. <\/p>\n\n\n\n<p>Este tipo de espacios de encuentro e intercambio de ideas, que se ha impulsado desde la Direcci\u00f3n Nacional de NNGG, tiene como objetivo recabar soluciones a los retos de la juventud, y espec\u00edficamente en este caso sobre vivienda, puesto que trata de un problema que afecta de forma transversal a las personas de 18 a 35 a\u00f1os. El acto, que cont\u00f3 con la participaci\u00f3n de profesionales del sector, representantes de la sociedad civil y expertos, fue clausurado por el coordinador general de NNGG, Miguel \u00c1ngel Sastre, y el presidente del PP de Arag\u00f3n, Jorge Azc\u00f3n. <\/p>\n\n\n\n<p>Miguel \u00c1ngel Sastre, se\u00f1al\u00f3 que con este foro se ha \u201dpretendido llamar la atenci\u00f3n sobre la necesidad de establecer pol\u00edticas, leyes y medidas precisas para facilitar la emancipaci\u00f3n de los j\u00f3venes espa\u00f1oles\u201d. Situaci\u00f3n que se ha visto agravada, a su juicio, por distintos factores como los precios \u201cdesorbitados\u201c de los pisos y la \u201cprecariedad laboral\u201d de los m\u00e1s j\u00f3venes. Tambi\u00e9n reclam\u00f3 durante su intervenci\u00f3n una \u201cestrategia integral y transversal\u201d, lo que consider\u00f3 \u201cclave para el acceso de los j\u00f3venes a la vivienda\u201d.<\/p>\n\n\n\n<p> Lorena Orduna, candidata por el PP a la alcald\u00eda de Huesca a punto durante su intervenci\u00f3n que Huesca \u201cnecesita pol\u00edticas fiscales, los j\u00f3venes necesitan a la administraci\u00f3n y a los arrendatarios de su lado porque resulta inasumible un adelanto de la entrada al cien por cien\u201c.<\/p>\n\n\n\n<p> Por su parte, Jorge Azc\u00f3n destaco tambi\u00e9n al problema de la \u201cokupaci\u00f3n\u201c que tan solo afrontan \"un pu\u00f1ado de valientes alcaldes como Isaac Claver en Monz\u00f3n\u201c y ha querido resaltar la presencia de representantes de la sociedad civil para que \u201dden de primera mano las mejores soluciones\u201c.<\/p>\n\n\n\n<p>Finalmente, Sastre concluy\u00f3 con un llamamiento a no elegir \u201cmenos de lo que os mecer\u00e9is\u201c y se mostr\u00f3 confiado en que \u201dla revoluci\u00f3n de la libertad llegue este a\u00f1o con N\u00fa\u00f1ez Feij\u00f3o en el Gobierno&nbsp;de&nbsp;Espa\u00f1a\u201c.<\/p>\n\n\n\n<p><\/p>\n\n\n\n<p><\/p>\n\n\n\n<figure class=\"wp-block-image aligncenter size-large is-resized\"><img fetchpriority=\"high\" fetchpriority=\"high\" decoding=\"async\" src=\"http:\/\/www.nngg.org\/wp-content\/uploads\/2023\/03\/Imagen-de-WhatsApp-2023-03-10-a-las-15.18.59-2-1024x1024.jpg\" alt=\"\" class=\"wp-image-1305\" width=\"544\" height=\"544\"\/><\/figure>\n\n\n\n<p><\/p>\n\n\n\n<p><\/p>\n","protected":false},"excerpt":{"rendered":"<p>Huesca, 17&nbsp;de marzo de 2023 El pasado viernes se dieron cita la capital oscense profesionales del sector, representantes de la sociedad civil y expertos para debatir sobre el acceso a la vivienda entre los j\u00f3venes dentro del II Foro Nacional de Vivienda que celebra NNGG. Este tipo de espacios de encuentro e intercambio de ideas, [&hellip;]<\/p>\n","protected":false},"author":2,"featured_media":1315,"comment_status":"closed","ping_status":"closed","sticky":false,"template":"","format":"standard","meta":{"footnotes":""},"categories":[13,1],"tags":[7],"class_list":["post-1298","post","type-post","status-publish","format-standard","has-post-thumbnail","hentry","category-miguel-angel-sastre","category-nngg","tag-miguel-angel-sastre"],"_links":{"self":[{"href":"http:\/\/www.nngg.org\/index.php\/wp-json\/wp\/v2\/posts\/1298","targetHints":{"allow":["GET"]}}],"collection":[{"href":"http:\/\/www.nngg.org\/index.php\/wp-json\/wp\/v2\/posts"}],"about":[{"href":"http:\/\/www.nngg.org\/index.php\/wp-json\/wp\/v2\/types\/post"}],"author":[{"embeddable":true,"href":"http:\/\/www.nngg.org\/index.php\/wp-json\/wp\/v2\/users\/2"}],"replies":[{"embeddable":true,"href":"http:\/\/www.nngg.org\/index.php\/wp-json\/wp\/v2\/comments?post=1298"}],"version-history":[{"count":13,"href":"http:\/\/www.nngg.org\/index.php\/wp-json\/wp\/v2\/posts\/1298\/revisions"}],"predecessor-version":[{"id":1328,"href":"http:\/\/www.nngg.org\/index.php\/wp-json\/wp\/v2\/posts\/1298\/revisions\/1328"}],"wp:featuredmedia":[{"embeddable":true,"href":"http:\/\/www.nngg.org\/index.php\/wp-json\/wp\/v2\/media\/1315"}],"wp:attachment":[{"href":"http:\/\/www.nngg.org\/index.php\/wp-json\/wp\/v2\/media?parent=1298"}],"wp:term":[{"taxonomy":"category","embeddable":true,"href":"http:\/\/www.nngg.org\/index.php\/wp-json\/wp\/v2\/categories?post=1298"},{"taxonomy":"post_tag","embeddable":true,"href":"http:\/\/www.nngg.org\/index.php\/wp-json\/wp\/v2\/tags?post=1298"}],"curies":[{"name":"wp","href":"https:\/\/api.w.org\/{rel}","templated":true}]}}