{"id":1199,"date":"2022-10-19T10:42:27","date_gmt":"2022-10-19T10:42:27","guid":{"rendered":"http:\/\/www.nngg.org\/?p=1199"},"modified":"2023-02-06T10:52:08","modified_gmt":"2023-02-06T10:52:08","slug":"beatriz-fanjul-los-pge-2023-confirman-la-falta-de-interes-real-del-gobierno-de-sanchez-por-las-politicas-de-seguridad-ciudadana","status":"publish","type":"post","link":"http:\/\/www.nngg.org\/index.php\/2022\/10\/19\/beatriz-fanjul-los-pge-2023-confirman-la-falta-de-interes-real-del-gobierno-de-sanchez-por-las-politicas-de-seguridad-ciudadana\/","title":{"rendered":"Beatriz Fanjul: \u201cLos PGE 2023 confirman la falta de inter\u00e9s real del Gobierno de S\u00e1nchez por las pol\u00edticas de seguridad ciudadana\u201d"},"content":{"rendered":"\n<div class=\"et_d4_element et_pb_section et_pb_section_0  et_pb_css_mix_blend_mode et_section_regular et_block_section\" >\n\t\t\t\t\n\t\t\t\t\n\t\t\t\t\n\t\t\t\t\n\t\t\t\t\n\t\t\t\t\n\t\t\t\t<div class=\"et_d4_element et_pb_row et_pb_row_0  et_pb_css_mix_blend_mode et_block_row\">\n\t\t\t\t<div class=\"et_d4_element et_pb_column_4_4 et_pb_column et_pb_column_0  et_pb_css_mix_blend_mode et-last-child et_block_column\">\n\t\t\t\t\n\t\t\t\t\n\t\t\t\t\n\t\t\t\t\n\t\t\t\t<div class=\"et_pb_module et_d4_element et_pb_text et_pb_text_0  et_pb_text_align_left et_pb_bg_layout_light\">\n\t\t\t\t\n\t\t\t\t\n\t\t\t\t\n\t\t\t\t\n\t\t\t\t<div class=\"et_pb_text_inner\"><!-- divi:paragraph -->\n<p><em><span>Comisi\u00f3n de Interior<\/span>, 19 de octubre de 2022<\/em><\/p>\n<p>En la comparecencia de la subsecretaria del Interior, la diputada del PP subraya que la partida presupuestaria en esta materia corresponde tan solo al 2,2% del total de las cuentas p\u00fablicas. En este sentido denuncia que la dotaci\u00f3n relativa al Ministerio del Interior es claramente insuficiente y no da cobertura a todos los compromisos adquiridos durante los \u00faltimos a\u00f1os.<\/p>\n<p>Se\u00f1ala que el Gobierno est\u00e1 incumpliendo el acuerdo para la equiparaci\u00f3n\u00a0salarial de las FyCSE aprobado por el \u00faltimo Gobierno del PP<\/p>\n<p>Tambi\u00e9n est\u00e1 incumpliendo su promesa de traer un nuevo estatuto o ley para los funcionarios de prisiones, as\u00ed como su correspondiente equiparaci\u00f3n salarial y el reconocimiento como agentes de la autoridad.<\/p>\n<p>Reprocha a S\u00e1nchez que mantenga congeladas desde hace a\u00f1os las subvenciones a las fundaciones y asociaciones de v\u00edctimas del terrorismo, as\u00ed como las indemnizaciones para las v\u00edctimas. \u201cEs una muestra m\u00e1s del abandono al que el Gobierno somete a las v\u00edctimas del terrorismo por su pol\u00edtica de pactos con los herederos de ETA\u201d, asevera.<\/p>\n<p>Subraya la ineficiencia del ministro del Interior, como demuestra que la ejecuci\u00f3n total del presupuesto anterior solo fue del 58,4%.<\/p>\n<p><span style=\"font-size: 14px;\"><\/span><\/p>\n<p><span style=\"font-size: 14px;\"><\/span><\/p>\n<p><a href=\"https:\/\/www.youtube.com\/watch?v=hA8DNxRJTfg&amp;t=19s&amp;ab_channel=NuevasGeneracionesdelPartidoPopular\"><\/a><\/p>\n<p>&nbsp;<\/p>\n<p>&nbsp;<\/p>\n<p>&nbsp;<\/p>\n<p>&nbsp;<\/p>\n<p>&nbsp;<\/p>\n<p>&nbsp;<\/p>\n<p>&nbsp;<\/p>\n<p>&nbsp;<\/p>\n<p>&nbsp;<\/p>\n<p>&nbsp;<\/p>\n<p>&nbsp;<\/p>\n<p>&nbsp;<\/p>\n<p>&nbsp;<\/p>\n<p>&nbsp;<\/p>\n<p>&nbsp;<\/p>\n<!-- \/divi:paragraph -->\n<p>&nbsp;<\/p>\n<p>&nbsp;<\/p>\n<p>&nbsp;<\/p>\n<p>&nbsp;<\/p>\n<p>&nbsp;<\/p>\n<p>&nbsp;<\/p>\n<p>&nbsp;<\/p>\n<p>&nbsp;<\/p>\n<p>&nbsp;<\/p>\n<p>&nbsp;<\/p>\n<p>&nbsp;<\/p>\n<p>&nbsp;<\/p>\n<p>&nbsp;<\/p>\n<p>&nbsp;<\/p>\n<p>&nbsp;<\/p>\n<p>&nbsp;<\/p>\n<p>&nbsp;<\/p>\n<p>&nbsp;<\/p>\n<p>&nbsp;<\/p>\n<p>&nbsp;<\/p>\n<!-- divi:image {\"align\":\"wide\",\"id\":850,\"sizeSlug\":\"large\",\"linkDestination\":\"none\"} -->\n<p>&nbsp;<\/p>\n<p>&nbsp;<\/p>\n<p>&nbsp;<\/p>\n<p>&nbsp;<\/p>\n<p>&nbsp;<\/p>\n<p>&nbsp;<\/p>\n<p>&nbsp;<\/p>\n<p>&nbsp;<\/p>\n<p>&nbsp;<\/p>\n<p>&nbsp;<\/p>\n<p>&nbsp;<\/p>\n<p>&nbsp;<\/p>\n<p>&nbsp;<\/p>\n<p>&nbsp;<\/p>\n<p>&nbsp;<\/p>\n<p>&nbsp;<\/p>\n<p>&nbsp;<\/p>\n<p>&nbsp;<\/p>\n<p>&nbsp;<\/p>\n<p>&nbsp;<\/p>\n<p>&nbsp;<\/p>\n<!-- \/divi:paragraph -->\n<p>&nbsp;<\/p>\n<p>&nbsp;<\/p>\n<p>&nbsp;<\/p>\n<p>&nbsp;<\/p>\n<p>&nbsp;<\/p>\n<p>&nbsp;<\/p>\n<p>&nbsp;<\/p>\n<p>&nbsp;<\/p>\n<p>&nbsp;<\/p>\n<p>&nbsp;<\/p>\n<p>&nbsp;<\/p>\n<p>&nbsp;<\/p>\n<p>&nbsp;<\/p>\n<p>&nbsp;<\/p>\n<p>&nbsp;<\/p>\n<p>&nbsp;<\/p>\n<p>&nbsp;<\/p>\n<p>&nbsp;<\/p>\n<p>&nbsp;<\/p>\n<p>&nbsp;<\/p>\n<p>&nbsp;<\/p>\n<!-- divi:paragraph -->\n<p>&nbsp;<\/p>\n<p>&nbsp;<\/p>\n<p>&nbsp;<\/p>\n<p>&nbsp;<\/p>\n<p>&nbsp;<\/p>\n<p>&nbsp;<\/p>\n<p>&nbsp;<\/p>\n<p>&nbsp;<\/p>\n<p>&nbsp;<\/p>\n<p>&nbsp;<\/p>\n<p>&nbsp;<\/p>\n<p>&nbsp;<\/p>\n<p>&nbsp;<\/p>\n<p>&nbsp;<\/p>\n<p>&nbsp;<\/p>\n<p>&nbsp;<\/p>\n<p>&nbsp;<\/p>\n<p>&nbsp;<\/p>\n<p>&nbsp;<\/p>\n<p>&nbsp;<\/p>\n<p>&nbsp;<\/p>\n<!-- \/divi:paragraph -->\n<p>&nbsp;<\/p>\n<p>&nbsp;<\/p>\n<p>&nbsp;<\/p>\n<p>&nbsp;<\/p>\n<p>&nbsp;<\/p>\n<p>&nbsp;<\/p>\n<p>&nbsp;<\/p>\n<p>&nbsp;<\/p>\n<p>&nbsp;<\/p>\n<p>&nbsp;<\/p>\n<p>&nbsp;<\/p>\n<p>&nbsp;<\/p>\n<p>&nbsp;<\/p>\n<p>&nbsp;<\/p>\n<p>&nbsp;<\/p>\n<p>&nbsp;<\/p>\n<p>&nbsp;<\/p>\n<p>&nbsp;<\/p>\n<p>&nbsp;<\/p>\n<p>&nbsp;<\/p>\n<p>&nbsp;<\/p>\n<!-- divi:paragraph -->\n<p>&nbsp;<\/p>\n<p>&nbsp;<\/p>\n<p>&nbsp;<\/p>\n<p>&nbsp;<\/p>\n<p>&nbsp;<\/p>\n<p>&nbsp;<\/p>\n<p>&nbsp;<\/p>\n<p>&nbsp;<\/p>\n<p>&nbsp;<\/p>\n<p>&nbsp;<\/p>\n<p>&nbsp;<\/p>\n<p>&nbsp;<\/p>\n<p>&nbsp;<\/p>\n<p>&nbsp;<\/p>\n<p>&nbsp;<\/p>\n<p>&nbsp;<\/p>\n<p>&nbsp;<\/p>\n<p>&nbsp;<\/p>\n<p>&nbsp;<\/p>\n<p>&nbsp;<\/p>\n<p>&nbsp;<\/p>\n<!-- \/divi:paragraph --><\/div>\n\t\t\t<\/div>\n\t\t\t<\/div>\n\t\t\t\t\n\t\t\t\t\n\t\t\t\t\n\t\t\t\t\n\t\t\t<\/div>\n\t\t\t\t\n\t\t\t\t\n\t\t\t<\/div>\n","protected":false},"excerpt":{"rendered":"","protected":false},"author":2,"featured_media":1203,"comment_status":"closed","ping_status":"closed","sticky":false,"template":"","format":"standard","meta":{"_et_pb_use_builder":"on","_et_pb_old_content":"<!-- wp:paragraph -->\n<p><em>Madrid, 6 de diciembre de 2022<\/em><\/p>\n<!-- \/wp:paragraph -->\n\n<!-- wp:image {\"align\":\"wide\",\"id\":850,\"sizeSlug\":\"large\",\"linkDestination\":\"none\"} -->\n<figure class=\"wp-block-image alignwide size-large\"><img src=\"http:\/\/www.nngg.org\/wp-content\/uploads\/2022\/12\/WEB-1024x256.png\" alt=\"\" class=\"wp-image-850\"\/><\/figure>\n<!-- \/wp:image -->\n\n<!-- wp:paragraph -->\n<p>Este 6 de diciembre, los espa\u00f1oles celebramos el cuadrag\u00e9simo cuarto aniversario de la ratificaci\u00f3n del pueblo espa\u00f1ol de nuestra Constituci\u00f3n. No se trata de un aniversario cualquiera, sino de la celebraci\u00f3n de la Espa\u00f1a democr\u00e1tica nacida tras un ejemplar proceso de transici\u00f3n.<\/p>\n<!-- \/wp:paragraph -->\n\n<!-- wp:paragraph -->\n<p>Nuevas Generaciones revindica, hoy m\u00e1s que nunca, el esp\u00edritu de la Transici\u00f3n, fiel reflejo de nuestra tradici\u00f3n constitucional. Espa\u00f1a est\u00e1 hoy m\u00e1s crispada y polarizada que nunca. Por eso, nuestro deber moral es recordar y celebrar el hito que alcanz\u00f3 el pueblo espa\u00f1ol hace 44 a\u00f1os. Ni siquiera las heridas de nuestra historia, impidieron a los espa\u00f1oles abrazarse y superar diferencias para construir juntos una de las constituciones m\u00e1s avanzadas del mundo. Es el mejor reflejo de la generosidad de la sociedad espa\u00f1ola y de su af\u00e1n democr\u00e1tico.<\/p>\n<!-- \/wp:paragraph -->\n\n<!-- wp:paragraph -->\n<p>En estos 44 a\u00f1os Espa\u00f1a ha protagonizado las mejores p\u00e1ginas de su historia. Nos integramos en la Uni\u00f3n Europea, construimos un estado de bienestar mod\u00e9lico y admirable y pasamos a formar parte del club de las grandes democracias liberales del mundo. Sin embargo, Espa\u00f1a tambi\u00e9n pag\u00f3 el terrible peaje de la lucha contra la violencia armada y el terrorismo para poder mantener viva nuestra democracia. Hoy, tambi\u00e9n debemos conmemorar a todas las v\u00edctimas y las familias que han sufrido las consecuencias de tales actos, gracias a su sacrificio hoy seguimos disfrutando de nuestro estado de bienestar.<\/p>\n<!-- \/wp:paragraph -->\n\n<!-- wp:paragraph -->\n<p>Este 6 de diciembre, Nuevas Generaciones llama a todos los j\u00f3venes espa\u00f1oles a que renovemos el pacto constitucional. Somos herederos de una Espa\u00f1a de concordia y libertad y debemos ser responsables. El constitucionalismo joven es fundamental para mantener vivo este gran legado. Renovar el pacto constitucional, implica alcanzar grandes consensos. Por eso, apelamos a la unida y pedimos al resto de formaciones pol\u00edticas que trabajen para lograr ese gran consenso sobre la reforma del art\u00edculo 49 de la Constituci\u00f3n.<\/p>\n<!-- \/wp:paragraph -->\n\n<!-- wp:paragraph -->\n<p>Nuevas Generaciones renueva hoy su compromiso con la Constituci\u00f3n. Por eso, debemos se\u00f1alar el mayor de los peligros a los que se enfrenta, que es la degradaci\u00f3n institucional que vive nuestro pa\u00eds desde la llegada al gobierno de Pedro S\u00e1nchez. Nuestra Carta Magna se fundamenta en la unidad nacional, la soberan\u00eda del pueblo espa\u00f1ol y nuestra confianza en el jefe del estado, Felipe VI. Por tanto, quien deroga garant\u00edas constitucionales como el delito de sedici\u00f3n o la independencia judicial est\u00e1 atacando la vigencia de nuestra Constituci\u00f3n.<\/p>\n<!-- \/wp:paragraph -->\n\n<!-- wp:paragraph -->\n<p>Con el vivo recuerdo de los padres de la Constituci\u00f3n, hoy proclamamos nuestro compromiso para seguir construyendo nuestro proyecto pol\u00edtico. Fieles a nuestra historia, seguiremos trabajando en defensa del inter\u00e9s general y por la continuidad de nuestra Constituci\u00f3n, siempre enraizados en sus principios y valores.<\/p>\n<!-- \/wp:paragraph -->\n\n<!-- wp:paragraph -->\n<p>\u00a1Viva Espa\u00f1a! \u00a1Viva la Constituci\u00f3n!<\/p>\n<!-- \/wp:paragraph -->\n\n<!-- wp:paragraph -->\n<p><\/p>\n<!-- \/wp:paragraph -->\n\n<!-- wp:paragraph -->\n<p><\/p>\n<!-- \/wp:paragraph -->","_et_gb_content_width":"","footnotes":""},"categories":[11,1,17],"tags":[],"class_list":["post-1199","post","type-post","status-publish","format-standard","has-post-thumbnail","hentry","category-bea-fanjul","category-nngg","category-pp"],"_links":{"self":[{"href":"http:\/\/www.nngg.org\/index.php\/wp-json\/wp\/v2\/posts\/1199","targetHints":{"allow":["GET"]}}],"collection":[{"href":"http:\/\/www.nngg.org\/index.php\/wp-json\/wp\/v2\/posts"}],"about":[{"href":"http:\/\/www.nngg.org\/index.php\/wp-json\/wp\/v2\/types\/post"}],"author":[{"embeddable":true,"href":"http:\/\/www.nngg.org\/index.php\/wp-json\/wp\/v2\/users\/2"}],"replies":[{"embeddable":true,"href":"http:\/\/www.nngg.org\/index.php\/wp-json\/wp\/v2\/comments?post=1199"}],"version-history":[{"count":3,"href":"http:\/\/www.nngg.org\/index.php\/wp-json\/wp\/v2\/posts\/1199\/revisions"}],"predecessor-version":[{"id":1204,"href":"http:\/\/www.nngg.org\/index.php\/wp-json\/wp\/v2\/posts\/1199\/revisions\/1204"}],"wp:featuredmedia":[{"embeddable":true,"href":"http:\/\/www.nngg.org\/index.php\/wp-json\/wp\/v2\/media\/1203"}],"wp:attachment":[{"href":"http:\/\/www.nngg.org\/index.php\/wp-json\/wp\/v2\/media?parent=1199"}],"wp:term":[{"taxonomy":"category","embeddable":true,"href":"http:\/\/www.nngg.org\/index.php\/wp-json\/wp\/v2\/categories?post=1199"},{"taxonomy":"post_tag","embeddable":true,"href":"http:\/\/www.nngg.org\/index.php\/wp-json\/wp\/v2\/tags?post=1199"}],"curies":[{"name":"wp","href":"https:\/\/api.w.org\/{rel}","templated":true}]}}