{"id":1193,"date":"2022-11-02T10:37:53","date_gmt":"2022-11-02T10:37:53","guid":{"rendered":"http:\/\/www.nngg.org\/?p=1193"},"modified":"2023-02-06T10:51:43","modified_gmt":"2023-02-06T10:51:43","slug":"bea-fanjul-senala-la-nefasta-etapa-para-la-historia-de-las-mujeres-en-espana-que-esta-suponiendo-la-gestion-de-irene-montero-al-frente-de-igualdad","status":"publish","type":"post","link":"http:\/\/www.nngg.org\/index.php\/2022\/11\/02\/bea-fanjul-senala-la-nefasta-etapa-para-la-historia-de-las-mujeres-en-espana-que-esta-suponiendo-la-gestion-de-irene-montero-al-frente-de-igualdad\/","title":{"rendered":"Bea Fanjul se\u00f1ala la \u201cnefasta etapa para la historia de las mujeres en Espa\u00f1a\u201d que est\u00e1 suponiendo la gesti\u00f3n de Irene Montero al frente de Igualdad"},"content":{"rendered":"\n<div class=\"et_d4_element et_pb_section et_pb_section_0  et_pb_css_mix_blend_mode et_section_regular et_block_section\" >\n\t\t\t\t\n\t\t\t\t\n\t\t\t\t\n\t\t\t\t\n\t\t\t\t\n\t\t\t\t\n\t\t\t\t<div class=\"et_d4_element et_pb_row et_pb_row_0  et_pb_css_mix_blend_mode et_block_row\">\n\t\t\t\t<div class=\"et_d4_element et_pb_column_4_4 et_pb_column et_pb_column_0  et_pb_css_mix_blend_mode et-last-child et_block_column\">\n\t\t\t\t\n\t\t\t\t\n\t\t\t\t\n\t\t\t\t\n\t\t\t\t<div class=\"et_pb_module et_d4_element et_pb_text et_pb_text_0  et_pb_text_align_left et_pb_bg_layout_light\">\n\t\t\t\t\n\t\t\t\t\n\t\t\t\t\n\t\t\t\t\n\t\t\t\t<div class=\"et_pb_text_inner\"><!-- divi:paragraph -->\n<p><em>Comisi\u00f3n del Pacto de Estado contra la Violencia de G\u00e9nero, 22 de noviembre de 2022<\/em><\/p>\n<p>Tiene muy malos asesores jur\u00eddicos, nula experiencia y muy pocos conocimientos\u201d, denuncia Beatriz Fanjul, quien lamenta que \u201cesa combinaci\u00f3n resulta muy peligrosa para las mujeres y toda la sociedad\u201d.<\/p>\n<p>La portavoz contra la violencia de g\u00e9nero del GPP subraya las m\u00faltiples pol\u00e9micas que ha generado la titular de Igualdad en estos a\u00f1os. \u201cTiene muy malos asesores jur\u00eddicos, nula experiencia y muy pocos conocimientos\u201d, denuncia Beatriz Fanjul, quien lamenta que \u201cesa combinaci\u00f3n resulta muy peligrosa para las mujeres y toda la sociedad\u201d.<\/p>\n<p>Explica que la Ley Trans demuestra que la ministra de Igualdad no escucha a nadie, como los cient\u00edficos, m\u00e9dicos, psiquiatras, psic\u00f3logos, pedagogos, bi\u00f3logos, feministas y madres y padres de menores que la avisan del disparate que supone permitir que cualquier persona cambie su inscripci\u00f3n en el registro civil tan solo con su decisi\u00f3n.<\/p>\n<p>Recuerda que el PP ya avis\u00f3 que eliminar la diferencia entre abuso y agresi\u00f3n sexual, como recoge la ley del solo s\u00ed es s\u00ed, podr\u00eda traer consigo beneficios penales a los ya condenados y, al combinarse con la ley de igualdad para las personas LGTBI, podr\u00eda abrir una puerta al cambio de sexo de personas condenadas por delitos sexuales o de violencia de g\u00e9nero para rebajar sus penas.<\/p>\n<p>Reprocha a Irene Montero que durante toda una semana guardara silencio ante la denuncia por violencia de g\u00e9nero que un diputado de Unidas Podemos recibi\u00f3 por parte de su mujer.<\/p>\n<p>Muestra el rechazo a la violencia de g\u00e9nero sea cual sea la actividad a la que se dedique el maltratador y traslada el apoyo del PP a las v\u00edctimas y sus familias.<\/p>\n<p>Critica a la ministra de Igualdad que comparezca por primera vez en la Comisi\u00f3n de Seguimiento del Pacto de Estado de Violencia de G\u00e9nero tras dos a\u00f1os sin acudir, cuando en lo que llevamos de 2022 han sido asesinadas 36 mujeres y un menor. \u201cEsto demuestra su desinter\u00e9s y desprecio a cualquier grupo y al Congreso\u201d, concluye<\/p>\n<p><span style=\"font-size: 14px;\"><\/span><\/p>\n<p><span style=\"font-size: 14px;\"><\/span><\/p>\n<p><a href=\"https:\/\/www.youtube.com\/watch?v=hA8DNxRJTfg&amp;t=19s&amp;ab_channel=NuevasGeneracionesdelPartidoPopular\"><\/a><\/p>\n<p>&nbsp;<\/p>\n<p>&nbsp;<\/p>\n<p>&nbsp;<\/p>\n<p>&nbsp;<\/p>\n<p>&nbsp;<\/p>\n<p>&nbsp;<\/p>\n<p>&nbsp;<\/p>\n<p>&nbsp;<\/p>\n<p>&nbsp;<\/p>\n<p>&nbsp;<\/p>\n<p>&nbsp;<\/p>\n<p>&nbsp;<\/p>\n<p>&nbsp;<\/p>\n<!-- \/divi:paragraph -->\n<p>&nbsp;<\/p>\n<p>&nbsp;<\/p>\n<p>&nbsp;<\/p>\n<p>&nbsp;<\/p>\n<p>&nbsp;<\/p>\n<p>&nbsp;<\/p>\n<p>&nbsp;<\/p>\n<p>&nbsp;<\/p>\n<p>&nbsp;<\/p>\n<p>&nbsp;<\/p>\n<p>&nbsp;<\/p>\n<p>&nbsp;<\/p>\n<p>&nbsp;<\/p>\n<p>&nbsp;<\/p>\n<p>&nbsp;<\/p>\n<p>&nbsp;<\/p>\n<p>&nbsp;<\/p>\n<p>&nbsp;<\/p>\n<!-- divi:image {\"align\":\"wide\",\"id\":850,\"sizeSlug\":\"large\",\"linkDestination\":\"none\"} -->\n<p>&nbsp;<\/p>\n<p>&nbsp;<\/p>\n<p>&nbsp;<\/p>\n<p>&nbsp;<\/p>\n<p>&nbsp;<\/p>\n<p>&nbsp;<\/p>\n<p>&nbsp;<\/p>\n<p>&nbsp;<\/p>\n<p>&nbsp;<\/p>\n<p>&nbsp;<\/p>\n<p>&nbsp;<\/p>\n<p>&nbsp;<\/p>\n<p>&nbsp;<\/p>\n<p>&nbsp;<\/p>\n<p>&nbsp;<\/p>\n<p>&nbsp;<\/p>\n<p>&nbsp;<\/p>\n<p>&nbsp;<\/p>\n<p>&nbsp;<\/p>\n<!-- \/divi:paragraph -->\n<p>&nbsp;<\/p>\n<p>&nbsp;<\/p>\n<p>&nbsp;<\/p>\n<p>&nbsp;<\/p>\n<p>&nbsp;<\/p>\n<p>&nbsp;<\/p>\n<p>&nbsp;<\/p>\n<p>&nbsp;<\/p>\n<p>&nbsp;<\/p>\n<p>&nbsp;<\/p>\n<p>&nbsp;<\/p>\n<p>&nbsp;<\/p>\n<p>&nbsp;<\/p>\n<p>&nbsp;<\/p>\n<p>&nbsp;<\/p>\n<p>&nbsp;<\/p>\n<p>&nbsp;<\/p>\n<p>&nbsp;<\/p>\n<p>&nbsp;<\/p>\n<!-- divi:paragraph -->\n<p>&nbsp;<\/p>\n<p>&nbsp;<\/p>\n<p>&nbsp;<\/p>\n<p>&nbsp;<\/p>\n<p>&nbsp;<\/p>\n<p>&nbsp;<\/p>\n<p>&nbsp;<\/p>\n<p>&nbsp;<\/p>\n<p>&nbsp;<\/p>\n<p>&nbsp;<\/p>\n<p>&nbsp;<\/p>\n<p>&nbsp;<\/p>\n<p>&nbsp;<\/p>\n<p>&nbsp;<\/p>\n<p>&nbsp;<\/p>\n<p>&nbsp;<\/p>\n<p>&nbsp;<\/p>\n<p>&nbsp;<\/p>\n<p>&nbsp;<\/p>\n<!-- \/divi:paragraph -->\n<p>&nbsp;<\/p>\n<p>&nbsp;<\/p>\n<p>&nbsp;<\/p>\n<p>&nbsp;<\/p>\n<p>&nbsp;<\/p>\n<p>&nbsp;<\/p>\n<p>&nbsp;<\/p>\n<p>&nbsp;<\/p>\n<p>&nbsp;<\/p>\n<p>&nbsp;<\/p>\n<p>&nbsp;<\/p>\n<p>&nbsp;<\/p>\n<p>&nbsp;<\/p>\n<p>&nbsp;<\/p>\n<p>&nbsp;<\/p>\n<p>&nbsp;<\/p>\n<p>&nbsp;<\/p>\n<p>&nbsp;<\/p>\n<p>&nbsp;<\/p>\n<!-- divi:paragraph -->\n<p>&nbsp;<\/p>\n<p>&nbsp;<\/p>\n<p>&nbsp;<\/p>\n<p>&nbsp;<\/p>\n<p>&nbsp;<\/p>\n<p>&nbsp;<\/p>\n<p>&nbsp;<\/p>\n<p>&nbsp;<\/p>\n<p>&nbsp;<\/p>\n<p>&nbsp;<\/p>\n<p>&nbsp;<\/p>\n<p>&nbsp;<\/p>\n<p>&nbsp;<\/p>\n<p>&nbsp;<\/p>\n<p>&nbsp;<\/p>\n<p>&nbsp;<\/p>\n<p>&nbsp;<\/p>\n<p>&nbsp;<\/p>\n<p>&nbsp;<\/p>\n<!-- \/divi:paragraph --><\/div>\n\t\t\t<\/div>\n\t\t\t<\/div>\n\t\t\t\t\n\t\t\t\t\n\t\t\t\t\n\t\t\t\t\n\t\t\t<\/div>\n\t\t\t\t\n\t\t\t\t\n\t\t\t<\/div>\n","protected":false},"excerpt":{"rendered":"","protected":false},"author":2,"featured_media":1197,"comment_status":"closed","ping_status":"closed","sticky":false,"template":"","format":"standard","meta":{"_et_pb_use_builder":"on","_et_pb_old_content":"<!-- wp:paragraph -->\n<p><em>Madrid, 6 de diciembre de 2022<\/em><\/p>\n<!-- \/wp:paragraph -->\n\n<!-- wp:image {\"align\":\"wide\",\"id\":850,\"sizeSlug\":\"large\",\"linkDestination\":\"none\"} -->\n<figure class=\"wp-block-image alignwide size-large\"><img src=\"http:\/\/www.nngg.org\/wp-content\/uploads\/2022\/12\/WEB-1024x256.png\" alt=\"\" class=\"wp-image-850\"\/><\/figure>\n<!-- \/wp:image -->\n\n<!-- wp:paragraph -->\n<p>Este 6 de diciembre, los espa\u00f1oles celebramos el cuadrag\u00e9simo cuarto aniversario de la ratificaci\u00f3n del pueblo espa\u00f1ol de nuestra Constituci\u00f3n. No se trata de un aniversario cualquiera, sino de la celebraci\u00f3n de la Espa\u00f1a democr\u00e1tica nacida tras un ejemplar proceso de transici\u00f3n.<\/p>\n<!-- \/wp:paragraph -->\n\n<!-- wp:paragraph -->\n<p>Nuevas Generaciones revindica, hoy m\u00e1s que nunca, el esp\u00edritu de la Transici\u00f3n, fiel reflejo de nuestra tradici\u00f3n constitucional. Espa\u00f1a est\u00e1 hoy m\u00e1s crispada y polarizada que nunca. Por eso, nuestro deber moral es recordar y celebrar el hito que alcanz\u00f3 el pueblo espa\u00f1ol hace 44 a\u00f1os. Ni siquiera las heridas de nuestra historia, impidieron a los espa\u00f1oles abrazarse y superar diferencias para construir juntos una de las constituciones m\u00e1s avanzadas del mundo. Es el mejor reflejo de la generosidad de la sociedad espa\u00f1ola y de su af\u00e1n democr\u00e1tico.<\/p>\n<!-- \/wp:paragraph -->\n\n<!-- wp:paragraph -->\n<p>En estos 44 a\u00f1os Espa\u00f1a ha protagonizado las mejores p\u00e1ginas de su historia. Nos integramos en la Uni\u00f3n Europea, construimos un estado de bienestar mod\u00e9lico y admirable y pasamos a formar parte del club de las grandes democracias liberales del mundo. Sin embargo, Espa\u00f1a tambi\u00e9n pag\u00f3 el terrible peaje de la lucha contra la violencia armada y el terrorismo para poder mantener viva nuestra democracia. Hoy, tambi\u00e9n debemos conmemorar a todas las v\u00edctimas y las familias que han sufrido las consecuencias de tales actos, gracias a su sacrificio hoy seguimos disfrutando de nuestro estado de bienestar.<\/p>\n<!-- \/wp:paragraph -->\n\n<!-- wp:paragraph -->\n<p>Este 6 de diciembre, Nuevas Generaciones llama a todos los j\u00f3venes espa\u00f1oles a que renovemos el pacto constitucional. Somos herederos de una Espa\u00f1a de concordia y libertad y debemos ser responsables. El constitucionalismo joven es fundamental para mantener vivo este gran legado. Renovar el pacto constitucional, implica alcanzar grandes consensos. Por eso, apelamos a la unida y pedimos al resto de formaciones pol\u00edticas que trabajen para lograr ese gran consenso sobre la reforma del art\u00edculo 49 de la Constituci\u00f3n.<\/p>\n<!-- \/wp:paragraph -->\n\n<!-- wp:paragraph -->\n<p>Nuevas Generaciones renueva hoy su compromiso con la Constituci\u00f3n. Por eso, debemos se\u00f1alar el mayor de los peligros a los que se enfrenta, que es la degradaci\u00f3n institucional que vive nuestro pa\u00eds desde la llegada al gobierno de Pedro S\u00e1nchez. Nuestra Carta Magna se fundamenta en la unidad nacional, la soberan\u00eda del pueblo espa\u00f1ol y nuestra confianza en el jefe del estado, Felipe VI. Por tanto, quien deroga garant\u00edas constitucionales como el delito de sedici\u00f3n o la independencia judicial est\u00e1 atacando la vigencia de nuestra Constituci\u00f3n.<\/p>\n<!-- \/wp:paragraph -->\n\n<!-- wp:paragraph -->\n<p>Con el vivo recuerdo de los padres de la Constituci\u00f3n, hoy proclamamos nuestro compromiso para seguir construyendo nuestro proyecto pol\u00edtico. Fieles a nuestra historia, seguiremos trabajando en defensa del inter\u00e9s general y por la continuidad de nuestra Constituci\u00f3n, siempre enraizados en sus principios y valores.<\/p>\n<!-- \/wp:paragraph -->\n\n<!-- wp:paragraph -->\n<p>\u00a1Viva Espa\u00f1a! \u00a1Viva la Constituci\u00f3n!<\/p>\n<!-- \/wp:paragraph -->\n\n<!-- wp:paragraph -->\n<p><\/p>\n<!-- \/wp:paragraph -->\n\n<!-- wp:paragraph -->\n<p><\/p>\n<!-- \/wp:paragraph -->","_et_gb_content_width":"","footnotes":""},"categories":[11,1,17],"tags":[],"class_list":["post-1193","post","type-post","status-publish","format-standard","has-post-thumbnail","hentry","category-bea-fanjul","category-nngg","category-pp"],"_links":{"self":[{"href":"http:\/\/www.nngg.org\/index.php\/wp-json\/wp\/v2\/posts\/1193","targetHints":{"allow":["GET"]}}],"collection":[{"href":"http:\/\/www.nngg.org\/index.php\/wp-json\/wp\/v2\/posts"}],"about":[{"href":"http:\/\/www.nngg.org\/index.php\/wp-json\/wp\/v2\/types\/post"}],"author":[{"embeddable":true,"href":"http:\/\/www.nngg.org\/index.php\/wp-json\/wp\/v2\/users\/2"}],"replies":[{"embeddable":true,"href":"http:\/\/www.nngg.org\/index.php\/wp-json\/wp\/v2\/comments?post=1193"}],"version-history":[{"count":3,"href":"http:\/\/www.nngg.org\/index.php\/wp-json\/wp\/v2\/posts\/1193\/revisions"}],"predecessor-version":[{"id":1198,"href":"http:\/\/www.nngg.org\/index.php\/wp-json\/wp\/v2\/posts\/1193\/revisions\/1198"}],"wp:featuredmedia":[{"embeddable":true,"href":"http:\/\/www.nngg.org\/index.php\/wp-json\/wp\/v2\/media\/1197"}],"wp:attachment":[{"href":"http:\/\/www.nngg.org\/index.php\/wp-json\/wp\/v2\/media?parent=1193"}],"wp:term":[{"taxonomy":"category","embeddable":true,"href":"http:\/\/www.nngg.org\/index.php\/wp-json\/wp\/v2\/categories?post=1193"},{"taxonomy":"post_tag","embeddable":true,"href":"http:\/\/www.nngg.org\/index.php\/wp-json\/wp\/v2\/tags?post=1193"}],"curies":[{"name":"wp","href":"https:\/\/api.w.org\/{rel}","templated":true}]}}