{"id":1122,"date":"2023-02-01T11:41:06","date_gmt":"2023-02-01T11:41:06","guid":{"rendered":"http:\/\/www.nngg.org\/?p=1122"},"modified":"2023-02-06T10:50:55","modified_gmt":"2023-02-06T10:50:55","slug":"concentracion-nngg-por-la-ley-solo-si-es-si","status":"publish","type":"post","link":"http:\/\/www.nngg.org\/index.php\/2023\/02\/01\/concentracion-nngg-por-la-ley-solo-si-es-si\/","title":{"rendered":"Manifiesto de NNGG sobre la Ley del \u201cSolo s\u00ed es S\u00ed\u201d. Ni un minuto m\u00e1s con esta ley, ni un minuto m\u00e1s con esta ministra"},"content":{"rendered":"<div class=\"et_d4_element et_pb_section et_pb_section_0  et_pb_css_mix_blend_mode et_section_regular et_block_section\" >\n\t\t\t\t\n\t\t\t\t\n\t\t\t\t\n\t\t\t\t\n\t\t\t\t\n\t\t\t\t\n\t\t\t\t<div class=\"et_d4_element et_pb_row et_pb_row_0  et_pb_css_mix_blend_mode et_block_row\">\n\t\t\t\t<div class=\"et_d4_element et_pb_column_4_4 et_pb_column et_pb_column_0  et_pb_css_mix_blend_mode et-last-child et_block_column\">\n\t\t\t\t\n\t\t\t\t\n\t\t\t\t\n\t\t\t\t\n\t\t\t\t<div class=\"et_pb_module et_d4_element et_pb_text et_pb_text_0  et_pb_text_align_left et_pb_bg_layout_light\">\n\t\t\t\t\n\t\t\t\t\n\t\t\t\t\n\t\t\t\t\n\t\t\t\t<div class=\"et_pb_text_inner\"><!-- divi:paragraph --><\/p>\n<p><em>Madrid, 3 de enero de 2022<\/em><\/p>\n<p><span style=\"font-size: 14px;\">Han pasado 117 d\u00edas desde la aprobaci\u00f3n de la mal llamada Ley del \u201csolo s\u00ed es s\u00ed\u201d y casi 400 agresores sexuales han visto rebajadas sus condenas. La ministra de Igualdad, Irene Montero, sigue sin dimitir, pero tampoco el presidente del Gobierno la cesa.<\/span><\/p>\n<p><span style=\"font-size: 14px;\">Pedro S\u00e1nchez, PSOE y Podemos han perpetrado el mayor ataque a la seguridad de las mujeres de la Espa\u00f1a democr\u00e1tica. La soberbia de este Ejecutivo no les permiti\u00f3 atender a las advertencias que emiti\u00f3 en su momento el Consejo General del Poder Judicial, el Consejo de Estado, las asociaciones profesionales del mundo del Derecho, as\u00ed como diversos expertos en Derecho Penal. Y lo que es m\u00e1s grave, la ex vicepresidenta Carmen Calvo ha confesado p\u00fablicamente que desde el primer instante sab\u00edan lo que iba a pasar, que fueron informados de las advertencias y que, pese a todo ello, dejaron hacer para no alterar la coalici\u00f3n de Gobierno<\/span><\/p>\n<p><span style=\"font-size: 14px;\">Eso s\u00ed, para ocultar su error, el Gobierno al completo no dud\u00f3 en insultar la honorabilidad de los jueces y magistrados de este pa\u00eds, a los que acus\u00f3 de hacer interpretaciones a la carta o, dicho de otro modo, de estar dictando resoluciones manifiestamente injustas.<\/span><\/p>\n<p><span style=\"font-size: 14px;\">Es lamentable que el Gobierno de Espa\u00f1a no se haya dado la misma prisa para corregir la Ley, como la que se dio para reformar el C\u00f3digo Penal para los delitos de sedici\u00f3n y malversaci\u00f3n. El Ejecutivo, con su actitud, demuestra su insensibilidad y su falta de empat\u00eda con las v\u00edctimas, que est\u00e1n viendo c\u00f3mo sus agresores salen de las c\u00e1rceles o lo har\u00e1n antes de lo previsto. Para este Gobierno es m\u00e1s importante pactar su permanencia que el dolor de las v\u00edctimas.<\/span><\/p>\n<p>En definitiva, nos vendieron que este gobierno ser\u00eda el m\u00e1s feminista de la historia, pero los hechos han demostrado que, como todo en Pedro S\u00e1nchez, su feminismo es de cart\u00f3n pluma, de eslogan y pancarta, pero no de realidades.<\/p>\n<p>Por todo ello, desde Nuevas Generaciones del Partido Popular le decimos a Pedro S\u00e1nchez que con el dolor de las v\u00edctimas no se mercadea y que, la mejor forma de pedir perd\u00f3n por esta barbaridad legislativa es, adem\u00e1s de corregir la Ley de inmediato, cesar a Irene Montero y a \u00c1ngela Rodr\u00edguez Pam. Porque las v\u00edctimas no merecen ni un minuto m\u00e1s un Gobierno que no les proteja.<\/p>\n<p><span style=\"font-size: 14px;\"><\/span><\/p>\n<p><span style=\"font-size: 14px;\"><\/span><\/p>\n<p><a href=\"https:\/\/www.youtube.com\/watch?v=hA8DNxRJTfg&amp;t=19s&amp;ab_channel=NuevasGeneracionesdelPartidoPopular\"><\/a><\/p>\n<p>&nbsp;<\/p>\n<p>&nbsp;<\/p>\n<p>&nbsp;<\/p>\n<p>&nbsp;<\/p>\n<p>&nbsp;<\/p>\n<p>&nbsp;<\/p>\n<p>&nbsp;<\/p>\n<p><!-- \/divi:paragraph --><\/p>\n<p>&nbsp;<\/p>\n<p>&nbsp;<\/p>\n<p>&nbsp;<\/p>\n<p>&nbsp;<\/p>\n<p>&nbsp;<\/p>\n<p>&nbsp;<\/p>\n<p>&nbsp;<\/p>\n<p>&nbsp;<\/p>\n<p>&nbsp;<\/p>\n<p>&nbsp;<\/p>\n<p>&nbsp;<\/p>\n<p>&nbsp;<\/p>\n<p><!-- divi:image {\"align\":\"wide\",\"id\":850,\"sizeSlug\":\"large\",\"linkDestination\":\"none\"} --><\/p>\n<p>&nbsp;<\/p>\n<p>&nbsp;<\/p>\n<p>&nbsp;<\/p>\n<p>&nbsp;<\/p>\n<p>&nbsp;<\/p>\n<p>&nbsp;<\/p>\n<p>&nbsp;<\/p>\n<p>&nbsp;<\/p>\n<p>&nbsp;<\/p>\n<p>&nbsp;<\/p>\n<p>&nbsp;<\/p>\n<p>&nbsp;<\/p>\n<p>&nbsp;<\/p>\n<p><!-- \/divi:paragraph --><\/p>\n<p>&nbsp;<\/p>\n<p>&nbsp;<\/p>\n<p>&nbsp;<\/p>\n<p>&nbsp;<\/p>\n<p>&nbsp;<\/p>\n<p>&nbsp;<\/p>\n<p>&nbsp;<\/p>\n<p>&nbsp;<\/p>\n<p>&nbsp;<\/p>\n<p>&nbsp;<\/p>\n<p>&nbsp;<\/p>\n<p>&nbsp;<\/p>\n<p>&nbsp;<\/p>\n<p><!-- divi:paragraph --><\/p>\n<p>&nbsp;<\/p>\n<p>&nbsp;<\/p>\n<p>&nbsp;<\/p>\n<p>&nbsp;<\/p>\n<p>&nbsp;<\/p>\n<p>&nbsp;<\/p>\n<p>&nbsp;<\/p>\n<p>&nbsp;<\/p>\n<p>&nbsp;<\/p>\n<p>&nbsp;<\/p>\n<p>&nbsp;<\/p>\n<p>&nbsp;<\/p>\n<p>&nbsp;<\/p>\n<p><!-- \/divi:paragraph --><\/p>\n<p>&nbsp;<\/p>\n<p>&nbsp;<\/p>\n<p>&nbsp;<\/p>\n<p>&nbsp;<\/p>\n<p>&nbsp;<\/p>\n<p>&nbsp;<\/p>\n<p>&nbsp;<\/p>\n<p>&nbsp;<\/p>\n<p>&nbsp;<\/p>\n<p>&nbsp;<\/p>\n<p>&nbsp;<\/p>\n<p>&nbsp;<\/p>\n<p>&nbsp;<\/p>\n<p><!-- divi:paragraph --><\/p>\n<p>&nbsp;<\/p>\n<p>&nbsp;<\/p>\n<p>&nbsp;<\/p>\n<p>&nbsp;<\/p>\n<p>&nbsp;<\/p>\n<p>&nbsp;<\/p>\n<p>&nbsp;<\/p>\n<p>&nbsp;<\/p>\n<p>&nbsp;<\/p>\n<p>&nbsp;<\/p>\n<p>&nbsp;<\/p>\n<p>&nbsp;<\/p>\n<p>&nbsp;<\/p>\n<p><!-- \/divi:paragraph --><\/div>\n\t\t\t<\/div>\n\t\t\t<\/div>\n\t\t\t\t\n\t\t\t\t\n\t\t\t\t\n\t\t\t\t\n\t\t\t<\/div>\n\t\t\t\t\n\t\t\t\t\n\t\t\t<\/div>\n","protected":false},"excerpt":{"rendered":"","protected":false},"author":2,"featured_media":1128,"comment_status":"closed","ping_status":"closed","sticky":false,"template":"","format":"standard","meta":{"_et_pb_use_builder":"on","_et_pb_old_content":"<!-- wp:paragraph -->\n<p><em>Madrid, 6 de diciembre de 2022<\/em><\/p>\n<!-- \/wp:paragraph -->\n\n<!-- wp:image {\"align\":\"wide\",\"id\":850,\"sizeSlug\":\"large\",\"linkDestination\":\"none\"} -->\n<figure class=\"wp-block-image alignwide size-large\"><img src=\"http:\/\/www.nngg.org\/wp-content\/uploads\/2022\/12\/WEB-1024x256.png\" alt=\"\" class=\"wp-image-850\"\/><\/figure>\n<!-- \/wp:image -->\n\n<!-- wp:paragraph -->\n<p>Este 6 de diciembre, los espa\u00f1oles celebramos el cuadrag\u00e9simo cuarto aniversario de la ratificaci\u00f3n del pueblo espa\u00f1ol de nuestra Constituci\u00f3n. No se trata de un aniversario cualquiera, sino de la celebraci\u00f3n de la Espa\u00f1a democr\u00e1tica nacida tras un ejemplar proceso de transici\u00f3n.<\/p>\n<!-- \/wp:paragraph -->\n\n<!-- wp:paragraph -->\n<p>Nuevas Generaciones revindica, hoy m\u00e1s que nunca, el esp\u00edritu de la Transici\u00f3n, fiel reflejo de nuestra tradici\u00f3n constitucional. Espa\u00f1a est\u00e1 hoy m\u00e1s crispada y polarizada que nunca. Por eso, nuestro deber moral es recordar y celebrar el hito que alcanz\u00f3 el pueblo espa\u00f1ol hace 44 a\u00f1os. Ni siquiera las heridas de nuestra historia, impidieron a los espa\u00f1oles abrazarse y superar diferencias para construir juntos una de las constituciones m\u00e1s avanzadas del mundo. Es el mejor reflejo de la generosidad de la sociedad espa\u00f1ola y de su af\u00e1n democr\u00e1tico.<\/p>\n<!-- \/wp:paragraph -->\n\n<!-- wp:paragraph -->\n<p>En estos 44 a\u00f1os Espa\u00f1a ha protagonizado las mejores p\u00e1ginas de su historia. Nos integramos en la Uni\u00f3n Europea, construimos un estado de bienestar mod\u00e9lico y admirable y pasamos a formar parte del club de las grandes democracias liberales del mundo. Sin embargo, Espa\u00f1a tambi\u00e9n pag\u00f3 el terrible peaje de la lucha contra la violencia armada y el terrorismo para poder mantener viva nuestra democracia. Hoy, tambi\u00e9n debemos conmemorar a todas las v\u00edctimas y las familias que han sufrido las consecuencias de tales actos, gracias a su sacrificio hoy seguimos disfrutando de nuestro estado de bienestar.<\/p>\n<!-- \/wp:paragraph -->\n\n<!-- wp:paragraph -->\n<p>Este 6 de diciembre, Nuevas Generaciones llama a todos los j\u00f3venes espa\u00f1oles a que renovemos el pacto constitucional. Somos herederos de una Espa\u00f1a de concordia y libertad y debemos ser responsables. El constitucionalismo joven es fundamental para mantener vivo este gran legado. Renovar el pacto constitucional, implica alcanzar grandes consensos. Por eso, apelamos a la unida y pedimos al resto de formaciones pol\u00edticas que trabajen para lograr ese gran consenso sobre la reforma del art\u00edculo 49 de la Constituci\u00f3n.<\/p>\n<!-- \/wp:paragraph -->\n\n<!-- wp:paragraph -->\n<p>Nuevas Generaciones renueva hoy su compromiso con la Constituci\u00f3n. Por eso, debemos se\u00f1alar el mayor de los peligros a los que se enfrenta, que es la degradaci\u00f3n institucional que vive nuestro pa\u00eds desde la llegada al gobierno de Pedro S\u00e1nchez. Nuestra Carta Magna se fundamenta en la unidad nacional, la soberan\u00eda del pueblo espa\u00f1ol y nuestra confianza en el jefe del estado, Felipe VI. Por tanto, quien deroga garant\u00edas constitucionales como el delito de sedici\u00f3n o la independencia judicial est\u00e1 atacando la vigencia de nuestra Constituci\u00f3n.<\/p>\n<!-- \/wp:paragraph -->\n\n<!-- wp:paragraph -->\n<p>Con el vivo recuerdo de los padres de la Constituci\u00f3n, hoy proclamamos nuestro compromiso para seguir construyendo nuestro proyecto pol\u00edtico. Fieles a nuestra historia, seguiremos trabajando en defensa del inter\u00e9s general y por la continuidad de nuestra Constituci\u00f3n, siempre enraizados en sus principios y valores.<\/p>\n<!-- \/wp:paragraph -->\n\n<!-- wp:paragraph -->\n<p>\u00a1Viva Espa\u00f1a! \u00a1Viva la Constituci\u00f3n!<\/p>\n<!-- \/wp:paragraph -->\n\n<!-- wp:paragraph -->\n<p><\/p>\n<!-- \/wp:paragraph -->\n\n<!-- wp:paragraph -->\n<p><\/p>\n<!-- \/wp:paragraph -->","_et_gb_content_width":"","footnotes":""},"categories":[11,15,1],"tags":[],"class_list":["post-1122","post","type-post","status-publish","format-standard","has-post-thumbnail","hentry","category-bea-fanjul","category-cuca-gamarra","category-nngg"],"_links":{"self":[{"href":"http:\/\/www.nngg.org\/index.php\/wp-json\/wp\/v2\/posts\/1122","targetHints":{"allow":["GET"]}}],"collection":[{"href":"http:\/\/www.nngg.org\/index.php\/wp-json\/wp\/v2\/posts"}],"about":[{"href":"http:\/\/www.nngg.org\/index.php\/wp-json\/wp\/v2\/types\/post"}],"author":[{"embeddable":true,"href":"http:\/\/www.nngg.org\/index.php\/wp-json\/wp\/v2\/users\/2"}],"replies":[{"embeddable":true,"href":"http:\/\/www.nngg.org\/index.php\/wp-json\/wp\/v2\/comments?post=1122"}],"version-history":[{"count":10,"href":"http:\/\/www.nngg.org\/index.php\/wp-json\/wp\/v2\/posts\/1122\/revisions"}],"predecessor-version":[{"id":1180,"href":"http:\/\/www.nngg.org\/index.php\/wp-json\/wp\/v2\/posts\/1122\/revisions\/1180"}],"wp:featuredmedia":[{"embeddable":true,"href":"http:\/\/www.nngg.org\/index.php\/wp-json\/wp\/v2\/media\/1128"}],"wp:attachment":[{"href":"http:\/\/www.nngg.org\/index.php\/wp-json\/wp\/v2\/media?parent=1122"}],"wp:term":[{"taxonomy":"category","embeddable":true,"href":"http:\/\/www.nngg.org\/index.php\/wp-json\/wp\/v2\/categories?post=1122"},{"taxonomy":"post_tag","embeddable":true,"href":"http:\/\/www.nngg.org\/index.php\/wp-json\/wp\/v2\/tags?post=1122"}],"curies":[{"name":"wp","href":"https:\/\/api.w.org\/{rel}","templated":true}]}}