{"id":1113,"date":"2023-01-30T16:20:31","date_gmt":"2023-01-30T16:20:31","guid":{"rendered":"http:\/\/www.nngg.org\/?p=1113"},"modified":"2023-02-06T10:50:10","modified_gmt":"2023-02-06T10:50:10","slug":"xi-congreso-autonomico-nngg-extremadura","status":"publish","type":"post","link":"http:\/\/www.nngg.org\/index.php\/2023\/01\/30\/xi-congreso-autonomico-nngg-extremadura\/","title":{"rendered":"XI Congreso Auton\u00f3mico NNGG Extremadura"},"content":{"rendered":"\n<p><em>M\u00e9rida, 28 de enero de 2023<\/em><\/p>\n\n\n\n<p>Este fin de semana se ha celebrado en M\u00e9rida (Badajoz) el XII Congreso Auton\u00f3mico de NNGG Extremadura #HablaExtremadura.<\/p>\n\n\n\n<p><br>Tras varios a\u00f1os al frente de la organizaci\u00f3n, Gema Fern\u00e1ndez e Irene Ovejero, presidenta y secretaria general de NNGG desde 2017, dan un paso al lado para dejar paso a una nueva generaci\u00f3n de j\u00f3venes dispuestos a demostrar que el proyecto del Partido Popular es el mejor para Extremadura.<\/p>\n\n\n\n<p><br>Pedro Jos\u00e9 Gordillo, fue elegido como nuevo presidente y destaco que los principales problemas que sufren los j\u00f3venes en su regi\u00f3n son \u201csobre todo el \u00e9xodo y la falta de alternativas\u201d y la dificultad que tienen para crecer en su propia tierra \u201csin tener que renunciar a sus or\u00edgenes, familia o amigos\u201d.<\/p>\n\n\n\n<p><br>La presidenta del PP extreme\u00f1o, Mar\u00ed Guardiola, afirmo que rebajar\u00e1 los impuestos a todos aquellos extreme\u00f1os que decidan emprender y apostar por su tierra: \u201capoyaremos e invertiremos en los sectores para que inyecten todo el talento joven a su capacidad productiva\u201d.<\/p>\n\n\n\n<p><br>Por \u00faltimo, Carlo Angrisano, secretario general de Nuevas Generaciones, particip\u00f3 en el Congreso destacando que Extremadura sufre un 43% de paro juvenil y son miles de j\u00f3venes extreme\u00f1os los que tienen que sufrir las consecuencias de mala gesti\u00f3n del gobierno de Fern\u00e1ndez Vera.<\/p>\n\n\n\n<p><\/p>\n\n\n\n<figure class=\"wp-block-image size-large\"><img fetchpriority=\"high\" fetchpriority=\"high\" decoding=\"async\" width=\"1024\" height=\"684\" src=\"http:\/\/www.nngg.org\/wp-content\/uploads\/2023\/01\/WhatsApp-Image-2023-01-30-at-10.30.28-1024x684.jpeg\" alt=\"\" class=\"wp-image-1115\" srcset=\"http:\/\/www.nngg.org\/wp-content\/uploads\/2023\/01\/WhatsApp-Image-2023-01-30-at-10.30.28-980x654.jpeg 980w, http:\/\/www.nngg.org\/wp-content\/uploads\/2023\/01\/WhatsApp-Image-2023-01-30-at-10.30.28-480x320.jpeg 480w\" sizes=\"(min-width: 0px) and (max-width: 480px) 480px, (min-width: 481px) and (max-width: 980px) 980px, (min-width: 981px) 1024px, 100vw\" \/><\/figure>\n","protected":false},"excerpt":{"rendered":"<p>M\u00e9rida, 28 de enero de 2023 Este fin de semana se ha celebrado en M\u00e9rida (Badajoz) el XII Congreso Auton\u00f3mico de NNGG Extremadura #HablaExtremadura. Tras varios a\u00f1os al frente de la organizaci\u00f3n, Gema Fern\u00e1ndez e Irene Ovejero, presidenta y secretaria general de NNGG desde 2017, dan un paso al lado para dejar paso a una [&hellip;]<\/p>\n","protected":false},"author":2,"featured_media":1114,"comment_status":"closed","ping_status":"closed","sticky":false,"template":"","format":"standard","meta":{"footnotes":""},"categories":[12],"tags":[],"class_list":["post-1113","post","type-post","status-publish","format-standard","has-post-thumbnail","hentry","category-carlo-angrisano"],"_links":{"self":[{"href":"http:\/\/www.nngg.org\/index.php\/wp-json\/wp\/v2\/posts\/1113","targetHints":{"allow":["GET"]}}],"collection":[{"href":"http:\/\/www.nngg.org\/index.php\/wp-json\/wp\/v2\/posts"}],"about":[{"href":"http:\/\/www.nngg.org\/index.php\/wp-json\/wp\/v2\/types\/post"}],"author":[{"embeddable":true,"href":"http:\/\/www.nngg.org\/index.php\/wp-json\/wp\/v2\/users\/2"}],"replies":[{"embeddable":true,"href":"http:\/\/www.nngg.org\/index.php\/wp-json\/wp\/v2\/comments?post=1113"}],"version-history":[{"count":3,"href":"http:\/\/www.nngg.org\/index.php\/wp-json\/wp\/v2\/posts\/1113\/revisions"}],"predecessor-version":[{"id":1118,"href":"http:\/\/www.nngg.org\/index.php\/wp-json\/wp\/v2\/posts\/1113\/revisions\/1118"}],"wp:featuredmedia":[{"embeddable":true,"href":"http:\/\/www.nngg.org\/index.php\/wp-json\/wp\/v2\/media\/1114"}],"wp:attachment":[{"href":"http:\/\/www.nngg.org\/index.php\/wp-json\/wp\/v2\/media?parent=1113"}],"wp:term":[{"taxonomy":"category","embeddable":true,"href":"http:\/\/www.nngg.org\/index.php\/wp-json\/wp\/v2\/categories?post=1113"},{"taxonomy":"post_tag","embeddable":true,"href":"http:\/\/www.nngg.org\/index.php\/wp-json\/wp\/v2\/tags?post=1113"}],"curies":[{"name":"wp","href":"https:\/\/api.w.org\/{rel}","templated":true}]}}