{"id":1064,"date":"2021-05-09T15:17:27","date_gmt":"2021-05-09T15:17:27","guid":{"rendered":"http:\/\/www.nngg.org\/?p=1064"},"modified":"2023-02-06T10:54:28","modified_gmt":"2023-02-06T10:54:28","slug":"acto-por-el-dia-de-europa-con-carlo-angrisano","status":"publish","type":"post","link":"http:\/\/www.nngg.org\/index.php\/2021\/05\/09\/acto-por-el-dia-de-europa-con-carlo-angrisano\/","title":{"rendered":"Acto por el d\u00eda de Europa con Carlo Angrisano"},"content":{"rendered":"\t\t<div data-elementor-type=\"wp-post\" data-elementor-id=\"1064\" class=\"elementor elementor-1064\">\n\t\t\t\t\t\t<section class=\"elementor-section elementor-top-section elementor-element elementor-element-411b0ec7 elementor-section-boxed elementor-section-height-default elementor-section-height-default\" data-id=\"411b0ec7\" data-element_type=\"section\" data-e-type=\"section\">\n\t\t\t\t\t\t<div class=\"elementor-container elementor-column-gap-default\">\n\t\t\t\t\t<div class=\"elementor-column elementor-col-100 elementor-top-column elementor-element elementor-element-12e8437e\" data-id=\"12e8437e\" data-element_type=\"column\" data-e-type=\"column\">\n\t\t\t<div class=\"elementor-widget-wrap elementor-element-populated\">\n\t\t\t\t\t\t<div class=\"elementor-element elementor-element-38d4f136 elementor-widget elementor-widget-text-editor\" data-id=\"38d4f136\" data-element_type=\"widget\" data-e-type=\"widget\" data-widget_type=\"text-editor.default\">\n\t\t\t\t<div class=\"elementor-widget-container\">\n\t\t\t\t\t\t\t\t\t<p><\/p>\n<p><em>Madrid, 9 de mayo de 2021<\/em><\/p>\n<p><\/p>\n<p><span style=\"background-color: rgba(0, 0, 0, 0.05); color: #0f0f0f; font-family: Roboto, Arial, sans-serif; font-size: 14px; font-weight: var( --e-global-typography-text-font-weight ); white-space: pre-wrap;\">El Secretario General de Nuevas Generaciones\u00a0, Carlo Angrisano, participa en el acto del Partido Popular por el D\u00eda de Europa junto a la portavoz de la Delegaci\u00f3n Espa\u00f1ola del Grupo Popular en el Parlamento Europeo, Dolors Montserrat, el Alcalde de Madrid, Jos\u00e9 Luis Mart\u00ednez-Almeida, y el presidente del Partido Popular de Madrid, P\u00edo Garc\u00eda-Escudero.<\/span><\/p>\n<p><span style=\"color: #0f0f0f; font-family: Roboto, Arial, sans-serif; font-size: 14px; white-space: pre-wrap; background-color: rgba(0, 0, 0, 0.05);\">https:\/\/www.youtube.com\/watch?v=VxsnlUC7cMU&amp;t=1s&amp;ab_channel=NuevasGeneracionesdelPartidoPopular<\/span><span style=\"background-color: rgba(0, 0, 0, 0.05); color: #0f0f0f; font-family: Roboto, Arial, sans-serif; font-size: 14px; font-weight: var( --e-global-typography-text-font-weight ); white-space: pre-wrap;\"><br \/><\/span><\/p>\n<p><span style=\"background-color: rgba(0, 0, 0, 0.05); color: #0f0f0f; font-family: Roboto, Arial, sans-serif; font-size: 14px; font-weight: var( --e-global-typography-text-font-weight ); white-space: pre-wrap;\">\u00a0<\/span><\/p>\n<p><!-- \/wp:paragraph --><\/p>\t\t\t\t\t\t\t\t<\/div>\n\t\t\t\t<\/div>\n\t\t\t\t\t<\/div>\n\t\t<\/div>\n\t\t\t\t\t<\/div>\n\t\t<\/section>\n\t\t\t\t<\/div>\n\t\t","protected":false},"excerpt":{"rendered":"<p>Madrid, 9 de mayo de 2021 El Secretario General de Nuevas Generaciones\u00a0, Carlo Angrisano, participa en el acto del Partido Popular por el D\u00eda de Europa junto a la portavoz de la Delegaci\u00f3n Espa\u00f1ola del Grupo Popular en el Parlamento Europeo, Dolors Montserrat, el Alcalde de Madrid, Jos\u00e9 Luis Mart\u00ednez-Almeida, y el presidente del Partido [&hellip;]<\/p>\n","protected":false},"author":2,"featured_media":1065,"comment_status":"closed","ping_status":"closed","sticky":false,"template":"","format":"standard","meta":{"footnotes":""},"categories":[12,1,17],"tags":[],"class_list":["post-1064","post","type-post","status-publish","format-standard","has-post-thumbnail","hentry","category-carlo-angrisano","category-nngg","category-pp"],"_links":{"self":[{"href":"http:\/\/www.nngg.org\/index.php\/wp-json\/wp\/v2\/posts\/1064","targetHints":{"allow":["GET"]}}],"collection":[{"href":"http:\/\/www.nngg.org\/index.php\/wp-json\/wp\/v2\/posts"}],"about":[{"href":"http:\/\/www.nngg.org\/index.php\/wp-json\/wp\/v2\/types\/post"}],"author":[{"embeddable":true,"href":"http:\/\/www.nngg.org\/index.php\/wp-json\/wp\/v2\/users\/2"}],"replies":[{"embeddable":true,"href":"http:\/\/www.nngg.org\/index.php\/wp-json\/wp\/v2\/comments?post=1064"}],"version-history":[{"count":19,"href":"http:\/\/www.nngg.org\/index.php\/wp-json\/wp\/v2\/posts\/1064\/revisions"}],"predecessor-version":[{"id":1087,"href":"http:\/\/www.nngg.org\/index.php\/wp-json\/wp\/v2\/posts\/1064\/revisions\/1087"}],"wp:featuredmedia":[{"embeddable":true,"href":"http:\/\/www.nngg.org\/index.php\/wp-json\/wp\/v2\/media\/1065"}],"wp:attachment":[{"href":"http:\/\/www.nngg.org\/index.php\/wp-json\/wp\/v2\/media?parent=1064"}],"wp:term":[{"taxonomy":"category","embeddable":true,"href":"http:\/\/www.nngg.org\/index.php\/wp-json\/wp\/v2\/categories?post=1064"},{"taxonomy":"post_tag","embeddable":true,"href":"http:\/\/www.nngg.org\/index.php\/wp-json\/wp\/v2\/tags?post=1064"}],"curies":[{"name":"wp","href":"https:\/\/api.w.org\/{rel}","templated":true}]}}