{"id":1045,"date":"2022-10-24T10:48:32","date_gmt":"2022-10-24T10:48:32","guid":{"rendered":"http:\/\/www.nngg.org\/?p=1045"},"modified":"2023-02-06T10:52:02","modified_gmt":"2023-02-06T10:52:02","slug":"convencion-sectorial-pp-juventud-un-proyecto-de-vida-a-la-altura-de-un-gran-paisconvencion-sectorial-pp","status":"publish","type":"post","link":"http:\/\/www.nngg.org\/index.php\/2022\/10\/24\/convencion-sectorial-pp-juventud-un-proyecto-de-vida-a-la-altura-de-un-gran-paisconvencion-sectorial-pp\/","title":{"rendered":"Convenci\u00f3n sectorial PP \u201cJuventud, un proyecto de vida. A la altura de un gran pa\u00eds\u201d"},"content":{"rendered":"\n<p><em>Madrid, 24 de octubre de 2022<\/em><\/p>\n\n\n\n<p>La presidenta de Nuevas Generaciones y diputada vasca, Bea Fanjul, ha acusado este lunes al Gobierno de Pedro S\u00e1nchez de centrarse en dar \"subvenciones y bonos\" a los j\u00f3venes, en alusi\u00f3n al bono cultural de 400 euros al cumplir los 18 a\u00f1os, en vez de tomar medidas para combatir el paro juvenil. A su entender, los j\u00f3venes deben \"tomar nota y alzar la voz\" porque \"otra pol\u00edtica es posible\" con el Partido Popular.<\/p>\n\n\n\n<p>Beatriz Fanjul, que ha participado en la inauguraci\u00f3n de la segunda convenci\u00f3n sectorial del PP centrada en los j\u00f3venes en Madrid junto al alcalde de la capital, Jos\u00e9 Luis Mart\u00ednez-Almeida, ha asegurado que los espa\u00f1oles necesitan pol\u00edticas que siente las bases para que las nuevas empresas se instalen en el pa\u00eds y generen inversiones y empleo, con un Gobierno que se centre a su vez en crear oportunidades.<\/p>\n\n\n\n<p>La presidenta de la organizaci\u00f3n ha afirmado que otra pol\u00edtica es posible con el PP y los j\u00f3venes deben alzar la voz. \"No podemos seguir anclados en las pol\u00edticas del PSOE\". Adem\u00e1s ha criticado las leyes educativas ideol\u00f3gicas del PSOE que buscan el aprobado general cuando en la vida hay que aprender la constancia, el esfuerzo y el sacrificio como pilares para aprender y levantarse.<\/p>\n\n\n\n<p>La izquierda esta m\u00e1s preocupada de crear bonos y subvenciones que en impulsar una reforma laboral que ayude realmente a combatir el paro juvenil; o en defender a los okupas en vez de impulsar medidas que permitan a la juventud adquirir su primera vivienda como est\u00e1 haciendo Madrid o la Regi\u00f3n de Murcia.<\/p>\n\n\n\n<p>Por \u00faltimo ha destacado la importancia de hablar de la salud mental sin ideolog\u00eda. Fanjul destaca que \"nos toca a todos nosotros decir basta ya. Desde que llego la pandemia muchos j\u00f3venes est\u00e1n perdiendo las ganas de vivir\". \"La salud mental es algo de lo que debemos hablar, sin ideolog\u00eda y sin pol\u00edtica. Debemos apoyar a los j\u00f3venes para que tenga ganas de vivir, oportunidades y aferrarse a la vida.<\/p>\n\n\n\n<p><\/p>\n\n\n\n<figure class=\"wp-block-image size-large\"><img fetchpriority=\"high\" fetchpriority=\"high\" decoding=\"async\" width=\"1024\" height=\"768\" src=\"http:\/\/www.nngg.org\/wp-content\/uploads\/2023\/01\/unnamed-4-1024x768.jpg\" alt=\"\" class=\"wp-image-1046\" srcset=\"http:\/\/www.nngg.org\/wp-content\/uploads\/2023\/01\/unnamed-4-980x735.jpg 980w, http:\/\/www.nngg.org\/wp-content\/uploads\/2023\/01\/unnamed-4-480x360.jpg 480w\" sizes=\"(min-width: 0px) and (max-width: 480px) 480px, (min-width: 481px) and (max-width: 980px) 980px, (min-width: 981px) 1024px, 100vw\" \/><\/figure>\n\n\n\n<p><\/p>\n\n\n\n<p><\/p>\n","protected":false},"excerpt":{"rendered":"<p>Madrid, 24 de octubre de 2022 La presidenta de Nuevas Generaciones y diputada vasca, Bea Fanjul, ha acusado este lunes al Gobierno de Pedro S\u00e1nchez de centrarse en dar \u00absubvenciones y bonos\u00bb a los j\u00f3venes, en alusi\u00f3n al bono cultural de 400 euros al cumplir los 18 a\u00f1os, en vez de tomar medidas para combatir [&hellip;]<\/p>\n","protected":false},"author":2,"featured_media":1047,"comment_status":"open","ping_status":"open","sticky":false,"template":"","format":"standard","meta":{"footnotes":""},"categories":[14,11,12,13,1,17],"tags":[],"class_list":["post-1045","post","type-post","status-publish","format-standard","has-post-thumbnail","hentry","category-alberto-nunez-feijoo","category-bea-fanjul","category-carlo-angrisano","category-miguel-angel-sastre","category-nngg","category-pp"],"_links":{"self":[{"href":"http:\/\/www.nngg.org\/index.php\/wp-json\/wp\/v2\/posts\/1045","targetHints":{"allow":["GET"]}}],"collection":[{"href":"http:\/\/www.nngg.org\/index.php\/wp-json\/wp\/v2\/posts"}],"about":[{"href":"http:\/\/www.nngg.org\/index.php\/wp-json\/wp\/v2\/types\/post"}],"author":[{"embeddable":true,"href":"http:\/\/www.nngg.org\/index.php\/wp-json\/wp\/v2\/users\/2"}],"replies":[{"embeddable":true,"href":"http:\/\/www.nngg.org\/index.php\/wp-json\/wp\/v2\/comments?post=1045"}],"version-history":[{"count":3,"href":"http:\/\/www.nngg.org\/index.php\/wp-json\/wp\/v2\/posts\/1045\/revisions"}],"predecessor-version":[{"id":1058,"href":"http:\/\/www.nngg.org\/index.php\/wp-json\/wp\/v2\/posts\/1045\/revisions\/1058"}],"wp:featuredmedia":[{"embeddable":true,"href":"http:\/\/www.nngg.org\/index.php\/wp-json\/wp\/v2\/media\/1047"}],"wp:attachment":[{"href":"http:\/\/www.nngg.org\/index.php\/wp-json\/wp\/v2\/media?parent=1045"}],"wp:term":[{"taxonomy":"category","embeddable":true,"href":"http:\/\/www.nngg.org\/index.php\/wp-json\/wp\/v2\/categories?post=1045"},{"taxonomy":"post_tag","embeddable":true,"href":"http:\/\/www.nngg.org\/index.php\/wp-json\/wp\/v2\/tags?post=1045"}],"curies":[{"name":"wp","href":"https:\/\/api.w.org\/{rel}","templated":true}]}}