{"id":1,"date":"2021-07-11T07:11:51","date_gmt":"2021-07-11T07:11:51","guid":{"rendered":"http:\/\/www.nngg.org\/?p=1"},"modified":"2023-02-06T10:54:21","modified_gmt":"2023-02-06T10:54:21","slug":"hola-mundo","status":"publish","type":"post","link":"http:\/\/www.nngg.org\/index.php\/2021\/07\/11\/hola-mundo\/","title":{"rendered":"III Escuela Miguel \u00c1ngel Blanco \u201cT\u00fa no te callaste\u201d"},"content":{"rendered":"\n<div class=\"et_d4_element et_pb_section et_pb_section_0  et_pb_css_mix_blend_mode et_section_regular et_block_section\" >\n\t\t\t\t\n\t\t\t\t\n\t\t\t\t\n\t\t\t\t\n\t\t\t\t\n\t\t\t\t\n\t\t\t\t<div class=\"et_d4_element et_pb_row et_pb_row_0  et_pb_css_mix_blend_mode et_block_row\">\n\t\t\t\t<div class=\"et_d4_element et_pb_column_4_4 et_pb_column et_pb_column_0  et_pb_css_mix_blend_mode et-last-child et_block_column\">\n\t\t\t\t\n\t\t\t\t\n\t\t\t\t\n\t\t\t\t\n\t\t\t\t<div class=\"et_pb_module et_d4_element et_pb_text et_pb_text_0  et_pb_text_align_left et_pb_bg_layout_light\">\n\t\t\t\t\n\t\t\t\t\n\t\t\t\t\n\t\t\t\t\n\t\t\t\t<div class=\"et_pb_text_inner\"><!-- divi:paragraph -->\n<p><em>San Sebasti\u00e1n, 11 de julio de 2021<\/em><\/p>\n<!-- \/divi:paragraph -->\n\n<!-- divi:paragraph -->\n<p>La presidenta nacional de Nuevas Generaciones del Partido Popular, Bea Fanjul, ha afirmado hoy que la herida causada por el terrorismo a\u00fan \"no est\u00e1 curada, sigue supurando gotas de rabia y dolor\". En este sentido, ha afirmado que \"tenemos el deber de seguir poniendo en valor la figura de Miguel \u00c1ngel Blanco\", ya que, m\u00e1s del 60% de los j\u00f3venes espa\u00f1oles no conocen su figura.<\/p>\n<!-- \/divi:paragraph -->\n\n<!-- divi:paragraph -->\n<p>Fanjul ha recordado que \"los herederos de ETA est\u00e1n en las instituciones sin condenar el asesinato como arma pol\u00edtica y son socios preferentes del Gobierno de Espa\u00f1a\".<\/p>\n<!-- \/divi:paragraph -->\n\n<!-- divi:paragraph -->\n<p><\/p>\n<!-- \/divi:paragraph -->\n\n<!-- divi:group {\"layout\":{\"type\":\"constrained\"}} -->\n<div class=\"wp-block-group\"><!-- divi:columns -->\n<div class=\"wp-block-columns\"><!-- divi:column {\"width\":\"100%\"} -->\n<div class=\"wp-block-column\" style=\"flex-basis:100%\"><!-- divi:image {\"align\":\"wide\",\"id\":771,\"sizeSlug\":\"full\",\"linkDestination\":\"none\"} -->\n<figure class=\"wp-block-image alignwide size-full\"><img fetchpriority=\"high\" fetchpriority=\"high\" decoding=\"async\" width=\"768\" height=\"489\" src=\"http:\/\/www.nngg.org\/wp-content\/uploads\/2022\/12\/1.-Escuela-Miguel-Angel-Blanco-2021.jpeg\" alt=\"\" class=\"wp-image-771\" srcset=\"http:\/\/www.nngg.org\/wp-content\/uploads\/2022\/12\/1.-Escuela-Miguel-Angel-Blanco-2021.jpeg 768w, http:\/\/www.nngg.org\/wp-content\/uploads\/2022\/12\/1.-Escuela-Miguel-Angel-Blanco-2021-480x306.jpeg 480w\" sizes=\"(min-width: 0px) and (max-width: 480px) 480px, (min-width: 481px) 768px, 100vw\" \/><\/figure>\n<!-- \/divi:image --><\/div>\n<!-- \/divi:column --><\/div>\n<!-- \/divi:columns --><\/div>\n<!-- \/divi:group -->\n\n<!-- divi:paragraph -->\n<p><strong><u>DEFENSA DE LA DEMOCRACIA Y LA LIBERTAD<\/u><\/strong><br>Durante su intervenci\u00f3n, Fanjul&nbsp;ha criticado que hoy \u201cLa izquierda est\u00e1 todo el d\u00eda hablando de memoria hist\u00f3rica, pero es una memoria selectiva porque siempre se olvidan de todas las v\u00edctimas de ETA\u201d. Miguel \u00c1ngel Blanco y otros tantos pol\u00edticos que dieron su vida por la democracia y la libertad \u201cson los grandes h\u00e9roes de nuestra democracia\u201d.<\/p>\n<!-- \/divi:paragraph -->\n\n<!-- divi:paragraph -->\n<p>Por \u00faltimo, la presidenta de Nuevas Generaciones ha recordado la labor de las anteriores directivas de la organizaci\u00f3n juvenil del PP para honrar la memoria de Miguel \u00c1ngel Blanco. \"Nosotros somos la voz y el legado del trabajo que todos ellos realizaron reconociendo su figura\", ha subrayado.<\/p>\n<!-- \/divi:paragraph -->\n\n<!-- divi:paragraph -->\n<p><\/p>\n<!-- \/divi:paragraph -->\n\n<!-- divi:paragraph -->\n<p><\/p>\n<!-- \/divi:paragraph -->\n\n<!-- divi:paragraph -->\n<p><\/p>\n<!-- \/divi:paragraph --><\/div>\n\t\t\t<\/div>\n\t\t\t<\/div>\n\t\t\t\t\n\t\t\t\t\n\t\t\t\t\n\t\t\t\t\n\t\t\t<\/div>\n\t\t\t\t\n\t\t\t\t\n\t\t\t<\/div>\n","protected":false},"excerpt":{"rendered":"","protected":false},"author":1,"featured_media":0,"comment_status":"closed","ping_status":"closed","sticky":false,"template":"","format":"standard","meta":{"_et_pb_use_builder":"on","_et_pb_old_content":"<!-- wp:paragraph -->\n<p><em>San Sebasti\u00e1n, 11 de julio de 2021<\/em><\/p>\n<!-- \/wp:paragraph -->\n\n<!-- wp:paragraph -->\n<p>La presidenta nacional de Nuevas Generaciones del Partido Popular, Bea Fanjul, ha afirmado hoy que la herida causada por el terrorismo a\u00fan \"no est\u00e1 curada, sigue supurando gotas de rabia y dolor\". En este sentido, ha afirmado que \"tenemos el deber de seguir poniendo en valor la figura de Miguel \u00c1ngel Blanco\", ya que, m\u00e1s del 60% de los j\u00f3venes espa\u00f1oles no conocen su figura.<\/p>\n<!-- \/wp:paragraph -->\n\n<!-- wp:paragraph -->\n<p>Fanjul ha recordado que \"los herederos de ETA est\u00e1n en las instituciones sin condenar el asesinato como arma pol\u00edtica y son socios preferentes del Gobierno de Espa\u00f1a\".<\/p>\n<!-- \/wp:paragraph -->\n\n<!-- wp:paragraph -->\n<p><\/p>\n<!-- \/wp:paragraph -->\n\n<!-- wp:group {\"layout\":{\"type\":\"constrained\"}} -->\n<div class=\"wp-block-group\"><!-- wp:columns -->\n<div class=\"wp-block-columns\"><!-- wp:column {\"width\":\"100%\"} -->\n<div class=\"wp-block-column\" style=\"flex-basis:100%\"><!-- wp:image {\"align\":\"wide\",\"id\":771,\"sizeSlug\":\"full\",\"linkDestination\":\"none\"} -->\n<figure class=\"wp-block-image alignwide size-full\"><img src=\"http:\/\/www.nngg.org\/wp-content\/uploads\/2022\/12\/1.-Escuela-Miguel-Angel-Blanco-2021.jpeg\" alt=\"\" class=\"wp-image-771\"\/><\/figure>\n<!-- \/wp:image --><\/div>\n<!-- \/wp:column --><\/div>\n<!-- \/wp:columns --><\/div>\n<!-- \/wp:group -->\n\n<!-- wp:paragraph -->\n<p><strong><u>DEFENSA DE LA DEMOCRACIA Y LA LIBERTAD<\/u><\/strong><br>Durante su intervenci\u00f3n, Fanjul&nbsp;ha criticado que hoy \u201cLa izquierda est\u00e1 todo el d\u00eda hablando de memoria hist\u00f3rica, pero es una memoria selectiva porque siempre se olvidan de todas las v\u00edctimas de ETA\u201d. Miguel \u00c1ngel Blanco y otros tantos pol\u00edticos que dieron su vida por la democracia y la libertad \u201cson los grandes h\u00e9roes de nuestra democracia\u201d.<\/p>\n<!-- \/wp:paragraph -->\n\n<!-- wp:paragraph -->\n<p>Por \u00faltimo, la presidenta de Nuevas Generaciones ha recordado la labor de las anteriores directivas de la organizaci\u00f3n juvenil del PP para honrar la memoria de Miguel \u00c1ngel Blanco. \"Nosotros somos la voz y el legado del trabajo que todos ellos realizaron reconociendo su figura\", ha subrayado.<\/p>\n<!-- \/wp:paragraph -->\n\n<!-- wp:paragraph -->\n<p><\/p>\n<!-- \/wp:paragraph -->\n\n<!-- wp:paragraph -->\n<p><\/p>\n<!-- \/wp:paragraph -->\n\n<!-- wp:paragraph -->\n<p><\/p>\n<!-- \/wp:paragraph -->","_et_gb_content_width":"","footnotes":""},"categories":[11,12,1,17],"tags":[],"class_list":["post-1","post","type-post","status-publish","format-standard","hentry","category-bea-fanjul","category-carlo-angrisano","category-nngg","category-pp"],"_links":{"self":[{"href":"http:\/\/www.nngg.org\/index.php\/wp-json\/wp\/v2\/posts\/1","targetHints":{"allow":["GET"]}}],"collection":[{"href":"http:\/\/www.nngg.org\/index.php\/wp-json\/wp\/v2\/posts"}],"about":[{"href":"http:\/\/www.nngg.org\/index.php\/wp-json\/wp\/v2\/types\/post"}],"author":[{"embeddable":true,"href":"http:\/\/www.nngg.org\/index.php\/wp-json\/wp\/v2\/users\/1"}],"replies":[{"embeddable":true,"href":"http:\/\/www.nngg.org\/index.php\/wp-json\/wp\/v2\/comments?post=1"}],"version-history":[{"count":7,"href":"http:\/\/www.nngg.org\/index.php\/wp-json\/wp\/v2\/posts\/1\/revisions"}],"predecessor-version":[{"id":827,"href":"http:\/\/www.nngg.org\/index.php\/wp-json\/wp\/v2\/posts\/1\/revisions\/827"}],"wp:attachment":[{"href":"http:\/\/www.nngg.org\/index.php\/wp-json\/wp\/v2\/media?parent=1"}],"wp:term":[{"taxonomy":"category","embeddable":true,"href":"http:\/\/www.nngg.org\/index.php\/wp-json\/wp\/v2\/categories?post=1"},{"taxonomy":"post_tag","embeddable":true,"href":"http:\/\/www.nngg.org\/index.php\/wp-json\/wp\/v2\/tags?post=1"}],"curies":[{"name":"wp","href":"https:\/\/api.w.org\/{rel}","templated":true}]}}